{"id":3561,"date":"2016-03-24T15:16:11","date_gmt":"2016-03-24T13:16:11","guid":{"rendered":"http:\/\/ichthys-consulting.de\/blog\/?p=3561"},"modified":"2016-03-24T15:28:28","modified_gmt":"2016-03-24T13:28:28","slug":"iranischer-ex-moslem-wie-der-islam-wirklich-ist-was-steht-im-koran","status":"publish","type":"post","link":"https:\/\/ichthys-consulting.de\/blog\/iranischer-ex-moslem-wie-der-islam-wirklich-ist-was-steht-im-koran\/","title":{"rendered":"Iranischer Ex-Moslem: Wie der Islam wirklich ist! Was steht im Koran?"},"content":{"rendered":"<p><a href=\"https:\/\/ichthys-consulting.de\/blog\/?p=3561\"><img loading=\"lazy\" decoding=\"async\" src=\"https:\/\/www.ichthys-consulting.de\/grafik-wp-islam-koran-toetet-alle-unglaeubigen-620x617.jpg\" width=\"620\" height=\"617\" class=\"alignnone\" \/><\/a><\/p>\n<p style=\"text-align: left;\" align=\"JUSTIFY\"><span style=\"color: #535187;\"><span style=\"font-family: Verdana, sans-serif;\"><span style=\"font-size: small;\"><i><strong>Der folgende,  hochinteressante Aufsatz des iranischen Ex-Moslems Mehrdad stammt noch aus der Zeit, in der Nadeem Elyas Vorsitzender des Zentralrats der Muslime in Deutschland war, also bis 2006. Der Inhalt ist aber zeitlos g\u00fcltig. Der Aufsatz widerlegt die von Medien und Politik tradierte Vermittlung eines friedlichen Islam und best\u00e4tigt alles, was wir Islamkritiker \u00fcber diese Gewaltreligion seit Jahren schreiben.<\/strong><\/i><span style=\"color: #878787; font-family: Verdana, sans-serif; font-size: small;\"> (Autor: Mehrdad)<\/span><\/p>\n<p align=\"JUSTIFY\"><span style=\"color: #414141;\"><span style=\"font-family: Verdana, sans-serif;\"><span style=\"font-size: small;\"><b>Wie ich den Islam als ehemaliger Moslem sehe<\/b><\/span><\/span><\/span><\/p>\n<p align=\"JUSTIFY\"><span style=\"color: #414141;\"><span style=\"font-family: Verdana, sans-serif;\"><span style=\"font-size: small;\">Wir h\u00f6ren immer wieder von so genannten \u201eIslamexperten\u201c, dass der Koran und die islamische Religion, die auf dem Koran basieren, friedlich seien und mit Demokratie und Toleranz vereinbar seien.<\/span><\/span><\/span><\/p>\n<p align=\"JUSTIFY\"><span style=\"color: #414141;\"><span style=\"font-family: Verdana, sans-serif;\"><span style=\"font-size: small;\">Ich bin weissgott kein Experte im Sinne der islamischen Theorie, sondern wenn \u00fcberhaupt etwas fachkundig, was die islamische Praxis angeht. Ich war lediglich ein Moslem aus dem heutigen Iran und bin erst hier in Deutschland aus dem Islam ausgetreten, weil dies in meine Heimat die Todesstrafe nach sich zieht.<span id=\"more-48943\"><\/span><\/span><\/span><\/span><\/p>\n<p align=\"JUSTIFY\"><span style=\"color: #414141;\"><span style=\"font-family: Verdana, sans-serif;\"><span style=\"font-size: small;\">Mein Austritt kam unmittelbar nach den schrecklichen Ereignissen von 11\/9. Letztlich ist das der einzige Weg, sich von Terroristen im Namen Allahs zu distanzieren, WEIL dieser Terror leider islamisch gesehen legitimiert werden kann.<\/span><\/span><\/span><\/p>\n<p align=\"JUSTIFY\"><span style=\"color: #414141;\"><span style=\"font-family: Verdana, sans-serif;\"><span style=\"font-size: small;\">Hier geht es nicht darum, ob friedliche Muslime ihr Handeln islamisch legitimieren k\u00f6nnen, sondern um islamische Terroristen, die ihre Taten v\u00f6llig zur Recht als islamische Taten im Sinne Allahs und Mohammeds bezeichnen.<\/span><\/span><\/span><\/p>\n<h4 align=\"JUSTIFY\"><span style=\"color: #0b576d;\"><span style=\"font-family: Verdana, sans-serif;\"><span style=\"font-size: small;\"><b>Islamische Terroristen k\u00f6nnen sich stets auf den Koran berufen<\/b><\/span><\/span><\/span><\/h4>\n<p align=\"JUSTIFY\"><span style=\"color: #414141;\"><span style=\"font-family: Verdana, sans-serif;\"><span style=\"font-size: small;\">Ich m\u00f6chte dies anhand einiger Beispiele aus dem Koran verdeutlichen. Meine Koran\u00fcbersetzungen habe ich ausschlie\u00dflich von der Seite www.islam.de. Diese Seite geh\u00f6rt zum \u201eZentralrat der Muslime in Deutschland\u201c. der Vorsitzende dieses Vereins ist der in Saudi-Arabien geborener \u201eDr. Nadeem Elyas\u201c.<\/span><\/span><\/span><\/p>\n<p align=\"JUSTIFY\"><span style=\"color: #414141;\"><span style=\"font-family: Verdana, sans-serif;\"><span style=\"font-size: small;\">Dieser Mann war Gegenstand einer Panorama-Sendung, wo Videoaufzeichnungen gezeigt wurden, auf denen er die Vernichtung des Westens vorhersagte, wenn dieser sich nicht so entwickelt, wie er es f\u00fcr richtig h\u00e4lt. Ferner war dieser Mann nachweislich Mitglied der Muslimbruderschaft und er hat sich strikt geweigert, die Steinigung als Strafe abzulehnen.<\/span><\/span><\/span><\/p>\n<p align=\"JUSTIFY\"><span style=\"color: #414141;\"><span style=\"font-family: Verdana, sans-serif;\"><span style=\"font-size: small;\">Wenn man Koran\u00fcbersetzungen von solch einer Seite nimmt, dann kann einem wohl kaum \u201eVerdrehung\u201c und \u201eVerf\u00e4lschung\u201c vorgeworfen werden, was Muslime besonders gerne gegen Fakten aus dem Koran tun.  Ich fange also an:<\/span><\/span><\/span><\/p>\n<h4 align=\"JUSTIFY\"><span style=\"color: #0b576d;\"><span style=\"font-family: Verdana, sans-serif;\"><span style=\"font-size: small;\"><b>Kann ein Muslim, der gezielt ungl\u00e4ubige Zivilisten t\u00f6tet, dies mit dem Koran vereinbaren?<\/b><\/span><\/span><\/span><\/h4>\n<p align=\"JUSTIFY\"><span style=\"color: #414141;\"><span style=\"font-family: Verdana, sans-serif;\"><span style=\"font-size: small;\">Leider JA.  In der Koran\u00fcbersetzung von www.islam.de hei\u00dft es in der Sure 2, Vers 191:<\/span><\/span><\/span><\/p>\n<p align=\"JUSTIFY\"><span style=\"color: #00006d;\">\u201e<span style=\"font-size: small;\"><span style=\"font-family: Verdana, sans-serif;\"><i>Und t\u00f6tet sie, wo immer ihr auf sie sto\u00dft, und vertreibt sie, von wo sie euch vertrieben haben; denn die Verf\u00fchrung (zum Unglauben) ist schlimmer als T\u00f6ten.\u201c<\/i><\/span><\/span><\/span><\/p>\n<p align=\"JUSTIFY\"><span style=\"color: #414141;\"><span style=\"font-family: Verdana, sans-serif;\"><span style=\"font-size: small;\">Dies nimmt man auch gerne als Legitimation, Islamaustreter (Apostaten) und Missionare zu t\u00f6ten.  Weiter hei\u00dft es in der Sure 4, Vers 89:<\/span><\/span><\/span><\/p>\n<p align=\"JUSTIFY\"><span style=\"color: #00006d;\">\u201e<\/span><span style=\"font-size: small;\"><span style=\"color: #00006d;\"><span style=\"font-family: Verdana, sans-serif;\"><i>Sie w\u00fcnschen, dass ihr ungl\u00e4ubig werdet, wie sie ungl\u00e4ubig sind, so dass ihr alle gleich werdet. Nehmt euch daher keine Besch\u00fctzer von ihnen, solange sie nicht auf Allahs Weg wandern. Und wenn sie sich abwenden, dann ergreift sie und t\u00f6tet sie, wo immer ihr sie auffindet; und nehmt euch keinen von ihnen zum Besch\u00fctzer oder zum Helfer.\u201c<\/i><\/span><\/span><\/span><\/p>\n<h4 align=\"JUSTIFY\"><span style=\"color: #0b576d;\"> <span style=\"font-size: small;\"><span style=\"font-family: Verdana, sans-serif;\"><b>Legitimiert der Koran Selbstmordanschl\u00e4ge?<\/b><\/span><\/span><\/span><\/h4>\n<p align=\"JUSTIFY\"><span style=\"color: #414141;\"><span style=\"font-family: Verdana, sans-serif;\"><span style=\"font-size: small;\">JA.  Hierzu aus der Sure 9, Vers 111:<\/span><\/span><\/span><\/p>\n<p align=\"JUSTIFY\"><span style=\"color: #00006d;\">\u201e<span style=\"font-size: small;\"><span style=\"font-family: Verdana, sans-serif;\"><i>Allah hat von den Gl\u00e4ubigen ihr Leben und ihr Gut f\u00fcr das Paradies erkauft: Sie k\u00e4mpfen f\u00fcr Allahs Sache, sie t\u00f6ten und werden get\u00f6tet;\u201c<\/i><\/span><\/span><\/span><\/p>\n<p align=\"JUSTIFY\"><span style=\"color: #414141;\"><span style=\"font-family: Verdana, sans-serif;\"><span style=\"font-size: small;\">Die Gl\u00e4ubigen k\u00e4mpfen also gegen die Ungl\u00e4ubigen (Jeder, der Mohamad als letzten Propheten Gottes leugnet) mit dem Versprechen Allahs, dass auf sie das Paradies wartet, wenn sie fallen.<\/span><\/span><\/span><\/p>\n<h4 align=\"JUSTIFY\"><span style=\"color: #0b576d;\"><span style=\"font-family: Verdana, sans-serif;\"><span style=\"font-size: small;\"><b>Kann man sich als Nicht-Moslem auf Waffenstillstandsversprechen von Moslems einlassen?<\/b><\/span><\/span><\/span><\/h4>\n<p align=\"JUSTIFY\"><span style=\"color: #414141;\"><span style=\"font-family: Verdana, sans-serif;\"><span style=\"font-size: small;\">NEIN.  Hierzu die klare und unmissverst\u00e4ndliche Forderung Allahs in Sure 47, Vers 35:<\/span><\/span><\/span><\/p>\n<p align=\"JUSTIFY\"><span style=\"color: #00006d;\">\u201e<span style=\"font-size: small;\"><span style=\"font-family: Verdana, sans-serif;\"><i>So lasset (im Kampf) nicht nach und ruft nicht zum Waffenstillstand auf, wo ihr doch die Oberhand habt. Und Allah ist mit euch, und Er wird euch eure Taten nicht schm\u00e4lern.\u201c<\/i><\/span><\/span><\/span><\/p>\n<p align=\"JUSTIFY\"><span style=\"color: #414141;\"><span style=\"font-family: Verdana, sans-serif;\"><span style=\"font-size: small;\">Solange Moslems also schw\u00e4cher als die Ungl\u00e4ubigen sind, sollen sie diese in Frieden einlullen, um dann pl\u00f6tzlich den Waffenstillstand zu brechen und die Ungl\u00e4ubigen zu Vernichten.<\/span><\/span><\/span><\/p>\n<p align=\"JUSTIFY\"><span style=\"font-size: small;\"><span style=\"color: #414141;\"><span style=\"font-family: Verdana, sans-serif;\">So hat es Mohammed mit den Bewohnern von Mekka gemacht und leider Gottes haben unsere Medien dieses islamische \u201e<\/span><\/span><span style=\"color: #414141;\"><span style=\"font-family: Verdana, sans-serif;\"><u>Hudna<\/u><\/span><\/span><span style=\"color: #414141;\">\u201c <\/span><span style=\"color: #414141;\"><span style=\"font-family: Verdana, sans-serif;\">mit dem Begriff \u201eWaffenstillstand\u201c (Waffenruhe mit darauf folgende Friedensverhandlungen) wie wir es kennen gleichgesetzt. Diese Medien haben sich dann auch gewundert, warum Israel z.B. auf eine <\/span><\/span><span style=\"color: #414141;\"><span style=\"font-family: Verdana, sans-serif;\"><u>Hudna<\/u><\/span><\/span> <span style=\"color: #414141;\"><span style=\"font-family: Verdana, sans-serif;\">der islamischen Terrorbanden nicht eingegangen ist.<\/span><\/span><\/span><\/p>\n<p align=\"JUSTIFY\"><span style=\"color: #414141;\"><span style=\"font-family: Verdana, sans-serif;\"><span style=\"font-size: small;\">Diese Sure kann man auch perfekt auf hier lebende Moslems anwenden. Solange sie in der Minderheit sind, sollen sie sich ruhig verhalten und uns t\u00e4uschen. Wenn sie aber stark genug sind, dann m\u00fcssen sie uns und unsere Demokratie bek\u00e4mpfen.<\/span><\/span><\/span><\/p>\n<h4 align=\"JUSTIFY\"><span style=\"color: #0b576d;\"><span style=\"font-family: Verdana, sans-serif;\"><span style=\"font-size: small;\"><b>Wer ist eigentlich in den Augen Allahs ein Ungl\u00e4ubiger. Wo wir doch hier soviel \u00fcber T\u00f6tung von Ungl\u00e4ubigen im Namen Allahs reden?<\/b><\/span><\/span><\/span><\/h4>\n<p align=\"JUSTIFY\"><span style=\"color: #414141;\"><span style=\"font-family: Verdana, sans-serif;\"><span style=\"font-size: small;\">Dazu hei\u00dft es in der Sure 5, Vers 17:<\/span><\/span><\/span><\/p>\n<p align=\"JUSTIFY\"><span style=\"color: #00006d;\">\u201e<span style=\"font-size: small;\"><span style=\"font-family: Verdana, sans-serif;\"><i>Wahrlich, ungl\u00e4ubig sind diejenigen, die sagen: \u201eAllah ist der Messias, der Sohn der Maria.\u201c<\/i><\/span><\/span><\/span><\/p>\n<p align=\"JUSTIFY\"><span style=\"font-size: small;\"><span style=\"color: #414141;\"><span style=\"font-family: Verdana, sans-serif;\">Also <\/span><\/span><span style=\"color: #414141;\"><span style=\"font-family: Verdana, sans-serif;\"><u>alle Menschen, die behaupten, Jesus sei Gottes Sohn gelten als Ungl\u00e4ubige<\/u><\/span><\/span><span style=\"color: #414141;\"><span style=\"font-family: Verdana, sans-serif;\">. Das sind etwa 2 Milliarden Christen Weltweit. Wer die islamische Version von Jesus infrage Stellt, ist ein Ungl\u00e4ubiger und somit ein legitimes Ziel.<\/span><\/span><\/span><\/p>\n<p align=\"JUSTIFY\"><span style=\"color: #414141;\"><span style=\"font-family: Verdana, sans-serif;\"><span style=\"font-size: small;\">Weiter hei\u00dft es (im Koran):<\/span><\/span><\/span><\/p>\n<p align=\"JUSTIFY\"><span style=\"color: #00006d;\">\u201e<span style=\"font-size: small;\"><span style=\"font-family: Verdana, sans-serif;\"><i>Der Lohn derer, die gegen Allah und Seinen Gesandten Krieg f\u00fchren und Verderben im Lande zu erregen trachten, soll sein, dass sie get\u00f6tet oder gekreuzigt werden oder dass ihnen H\u00e4nde und F\u00fc\u00dfe wechselweise abgeschlagen werden oder dass sie aus dem Lande vertrieben werden. Das wird f\u00fcr sie eine Schmach in dieser Welt sein, und im Jenseits wird ihnen eine schwere Strafe zuteil.\u201c<\/i><\/span><\/span><\/span><\/p>\n<p align=\"JUSTIFY\"><span style=\"color: #414141;\"><span style=\"font-family: Verdana, sans-serif;\"><span style=\"font-size: small;\">Wenn es also jemand wagt, Mohammed nicht als Propheten zu sehen, dann ist es aus der Sicht des Koran Pflicht, dass er diese schreckliche Behandlung erf\u00e4hrt, die oben so detailliert gefordert wird. Fast k\u00f6nnte man meinen, dass Allah ein Folterknecht ist. Von einem barmherzigen Gott der Liebe ist hier jedenfalls keine Spur.<\/span><\/span><\/span><\/p>\n<p align=\"JUSTIFY\"><span style=\"color: #414141;\"><span style=\"font-family: Verdana, sans-serif;\"><span style=\"font-size: small;\">Die Folter und der Terror im Namen Allahs gehen jedoch weiter in der Sure 8. Vers 12:<\/span><\/span><\/span><\/p>\n<p align=\"JUSTIFY\"><span style=\"color: #00006d;\">\u201e<span style=\"font-size: small;\"><span style=\"font-family: Verdana, sans-serif;\"><i>Da gab dein Herr den Engeln ein: \u201eIch bin mit euch; so festigt denn die Gl\u00e4ubigen. In die Herzen der Ungl\u00e4ubigen werde Ich Schrecken werfen. Trefft (sie) oberhalb des Nackens und schlagt ihnen jeden Finger ab!\u201c<\/i><\/span><\/span><\/span><\/p>\n<h4 align=\"JUSTIFY\"><span style=\"color: #0b576d;\"><span style=\"font-family: Verdana, sans-serif;\"><span style=\"font-size: small;\"><b>D\u00fcrfen Moslems sich in eine mehrheitlich christliche\/j\u00fcdische Gesellschaft integrieren?<\/b><\/span><\/span><\/span><\/h4>\n<p align=\"JUSTIFY\"><span style=\"color: #414141;\"><span style=\"font-family: Verdana, sans-serif;\"><span style=\"font-size: small;\">Dazu ist der Koran sehr Klar und Unmissverst\u00e4ndlich in der Sure 5, Vers 51:<\/span><\/span><\/span><\/p>\n<p align=\"JUSTIFY\"><span style=\"color: #00006d;\">\u201e<\/span><span style=\"font-size: small;\"><span style=\"color: #00006d;\"><span style=\"font-family: Verdana, sans-serif;\"><i>O ihr, die ihr glaubt! <\/i><\/span><\/span><span style=\"color: #00006d;\"><span style=\"font-family: Verdana, sans-serif;\"><i><u>Nehmt nicht die Juden und die Christen zu Besch\u00fctzern (Freunden)<\/u><\/i><\/span><\/span><span style=\"color: #00006d;\"><span style=\"font-family: Verdana, sans-serif;\"><i>. Sie sind einander Besch\u00fctzer (Freunde). Und wer sie von euch zu Besch\u00fctzern (Freunden) nimmt, der geh\u00f6rt wahrlich zu ihnen. Wahrlich, Allah weist nicht dem Volk der Ungerechten den Weg.\u201c<\/i><\/span><\/span><\/span><\/p>\n<p align=\"JUSTIFY\"><span style=\"color: #414141;\"><span style=\"font-family: Verdana, sans-serif;\"><span style=\"font-size: small;\">Wie kann sich jemand in eine Gesellschaft integrieren, deren Schutz (viele andere \u00dcbersetzungen sprechen von Freundschaft, wie oben angemerkt und nicht von Schutz) und Freundschaft er nicht annehmen darf?<\/span><\/span><\/span><\/p>\n<p align=\"JUSTIFY\"><span style=\"font-size: small;\"><span style=\"color: #414141;\"><span style=\"font-family: Verdana, sans-serif;\">Ist es unter diesen Umst\u00e4nden noch verwunderlich, dass moslemische Minderheiten von den Philippinen \u00fcber Thailand und Kaschmir bis nach Israel, Frankreich, und Deutschland so viele Probleme mit der Integration in eine unislamische Mehrheitsgesellschaft haben<\/span><\/span><span style=\"color: #414141;\"><span style=\"font-family: Verdana, sans-serif;\"><b>? Liegt das Scheitern der Integration an all diesen unterschiedlichen Gesellschaften oder hat das etwa doch mit dem Islam zutun?<\/b><\/span><\/span><\/span><\/p>\n<h4 align=\"JUSTIFY\"><span style=\"color: #0b576d;\"><span style=\"font-family: Verdana, sans-serif;\"><span style=\"font-size: small;\"><b>Was ist nun das Ziel des Islam, wenn man den Koran als Quelle nimmt?<\/b><\/span><\/span><\/span><\/h4>\n<p align=\"JUSTIFY\"><span style=\"color: #414141;\"><span style=\"font-family: Verdana, sans-serif;\"><span style=\"font-size: small;\">Hierzu gibt es Auskunft in Sure 8, Vers 39:<\/span><\/span><\/span><\/p>\n<p align=\"JUSTIFY\"><span style=\"color: #00006d;\">\u201e<\/span><span style=\"font-size: small;\"><span style=\"color: #00006d;\"><span style=\"font-family: Verdana, sans-serif;\"><i><u>Und k\u00e4mpft gegen sie, damit keine Verf\u00fchrung mehr stattfinden<\/u><\/i><\/span><\/span> <span style=\"color: #00006d;\"><span style=\"font-family: Verdana, sans-serif;\"><i>kann und (k\u00e4mpft,) bis s\u00e4mtliche Verehrung auf Allah allein gerichtet ist. Stehen sie jedoch (vom Unglauben) ab, dann, wahrlich, sieht Allah sehr wohl, was sie tun.\u201c<\/i><\/span><\/span><\/span><\/p>\n<p align=\"JUSTIFY\"><span style=\"color: #414141;\"><span style=\"font-family: Verdana, sans-serif;\"><span style=\"font-size: small;\">Verehrung Allahs bedeutet wohlgemerkt die Annerkennung Mohamads als letzten Propheten Allahs. Das ist etwas, was kein Christ oder Jude der Welt tun kann, ohne seine eigene Religion aufzugeben.<\/span><\/span><\/span><\/p>\n<p align=\"JUSTIFY\"><span style=\"color: #414141;\"><span style=\"font-family: Verdana, sans-serif;\"><span style=\"font-size: small;\">Es soll also gek\u00e4mpft werden, bis ein \u201eislamischer Frieden\u201c, also eine Gleichschaltung aller Meinungen und Glauben im Sinne des Islam erreicht ist.<\/span><\/span><\/span><\/p>\n<p align=\"JUSTIFY\"><span style=\"color: #414141;\"><span style=\"font-family: Verdana, sans-serif;\"><span style=\"font-size: small;\">Es gibt andere totalit\u00e4re Systeme, die auch etwas \u00c4hnliches als Idealbild und Endziel anstreben. Ist es jetzt noch verwunderlich, dass die einst h\u00f6chste islamische Geistlichkeit (der damalige Gro\u00dfmufti von Jerusalem) ein enger Verb\u00fcndeter Hitlers war und f\u00fcr diesen SS-Divisionen aufgestellt hat? Wundert noch jemanden, dass es enge Kooperationen zwischen islamischen und linksextremen Terrorgruppen gab und gibt?<\/span><\/span><\/span><\/p>\n<p align=\"JUSTIFY\"><span style=\"color: #414141;\"><span style=\"font-family: Verdana, sans-serif;\"><span style=\"font-size: small;\">Weiter hei\u00dft es in Sure 48, Vers 28:<\/span><\/span><\/span><\/p>\n<p align=\"JUSTIFY\"><span style=\"color: #00006d;\">\u201e<\/span><span style=\"font-size: small;\"><span style=\"color: #00006d;\"><span style=\"font-family: Verdana, sans-serif;\"><i>Er ist es, Der Seinen Gesandten mit der F\u00fchrung und der wahren Religion geschickt hat, <\/i><\/span><\/span><span style=\"color: #00006d;\"><span style=\"font-family: Verdana, sans-serif;\"><i><u>auf dass Er sie \u00fcber jede andere Religion siegen lasse<\/u><\/i><\/span><\/span><span style=\"color: #00006d;\"><span style=\"font-family: Verdana, sans-serif;\"><i>. Und Allah gen\u00fcgt als Zeuge.\u201c<\/i><\/span><\/span><\/span><\/p>\n<p align=\"JUSTIFY\"><span style=\"color: #414141;\"><span style=\"font-family: Verdana, sans-serif;\"><span style=\"font-size: small;\">Dies bedarf wohl keinerlei Erkl\u00e4rung, dass das Ziel klar und unmissverst\u00e4ndlich formuliert ist. Wenn sich also Jemand Moslem nennt, dann muss er sich mit diese totalit\u00e4re und nach Alleinherrschaft strebende Zielsetzung des Islam identifizieren lassen.<\/span><\/span><\/span><\/p>\n<p align=\"JUSTIFY\"><span style=\"color: #414141;\"><span style=\"font-family: Verdana, sans-serif;\"><span style=\"font-size: small;\">Weder darf ein Moslem Mohamads Angriffskriege und Massaker kritisieren, noch darf er Passagen aus dem Koran einfach weglassen, da dies das Wort Allahs ist und nur als Ganzes wahrzunehmen ist.<\/span><\/span><\/span><\/p>\n<h4 align=\"JUSTIFY\"><span style=\"color: #0b576d;\"><span style=\"font-family: Verdana, sans-serif;\"><span style=\"font-size: small;\"><b>Nun m\u00f6gen einige Leute sagen, dass es ja auch in der Bibel oder in der Thora solche Passagen gibt.<\/b><\/span><\/span><\/span><\/h4>\n<p align=\"JUSTIFY\"><span style=\"color: #414141;\"><span style=\"font-family: Verdana, sans-serif;\"><span style=\"font-size: small;\">Diesen Leuten will ich mit folgende Argumentation entgegentreten:<\/span><\/span><\/span><\/p>\n<p align=\"JUSTIFY\"><span style=\"font-size: small;\"><span style=\"color: #414141;\"><span style=\"font-family: Verdana, sans-serif;\"><u>Der Islam sieht sich nicht nur als eine Religion, sondern eher als eine Weltanschauung, welche alle Lebensbereiche dominieren will<\/u><\/span><\/span><span style=\"color: #414141;\"><span style=\"font-family: Verdana, sans-serif;\">. Eine Teilung der Macht kommt nicht in Frage. Ebenso kommt es nicht in Frage, dass von Menschenhand gemachte Gesetze \u00fcber die Gesetze Allahs gestellt werden.<\/span><\/span><\/span><\/p>\n<p align=\"JUSTIFY\"><span style=\"color: #414141;\"><span style=\"font-family: Verdana, sans-serif;\"><span style=\"font-size: small;\">Dies ist nicht meine Ansicht, sondern die Ansicht von gl\u00e4ubigen Moslems.<\/span><\/span><\/span><\/p>\n<p align=\"JUSTIFY\"><span style=\"color: #414141;\"><span style=\"font-family: Verdana, sans-serif;\"><span style=\"font-size: small;\">Dies ist auch der Grund, warum keines der fast 50 mehrheitlich islamischen Staaten der Welt z.B. auch nur ann\u00e4hernd so demokratisch ist, wie der einzige j\u00fcdisch gepr\u00e4gte Staat der Welt oder wie der \u201echristliche\u201c Westen. Es gibt heutzutage keine einzige christliche Diktatur, aber etliche moslemische Diktaturen, die zu den schlimmsten Regimes der Welt geh\u00f6ren. Ich selbst habe in einem dieser Regime gelebt.<\/span><\/span><\/span><\/p>\n<p align=\"JUSTIFY\"><span style=\"color: #414141;\"><span style=\"font-family: Verdana, sans-serif;\"><span style=\"font-size: small;\">Die Webseite \u201eMuslim\u00a7Recht\u201c bringt es auf den Punkt:<\/span><\/span><\/span><\/p>\n<p align=\"JUSTIFY\"><span style=\"color: #00006d;\">\u201e<\/span><span style=\"color: #00006d;\"><span style=\"font-family: Verdana, sans-serif;\"><span style=\"font-size: small;\"><i>Der Islam ist eine Lebensordnung, die alle Aspekte des Lebens und eines Staates unter der Scharia erfolgreich zu regeln vermag. Die Entscheidungsfreiheit, unter welchen Gesetzen die Muslime in ihren L\u00e4ndern regiert werden wollen, existiert nicht.\u201c<\/i><\/span><\/span><\/span> <a href=\"https:\/\/www.muslimrecht.de\/muslimrecht\/vorfaelle\/Inland\/1713.php\"><span style=\"color: #a22a03;\"><span style=\"font-family: Verdana, sans-serif;\"><span style=\"font-size: small;\">Quelle<\/span><\/span><\/span><\/a><\/p>\n<p align=\"JUSTIFY\"><span style=\"color: #414141;\"><span style=\"font-family: Verdana, sans-serif;\"><span style=\"font-size: small;\">Dies l\u00e4sst etwaige Zitate aus der Bibel oder Thora in einem v\u00f6llig anderen Licht erscheinen, als solche Befehle Allahs aus dem Koran.<\/span><\/span><\/span><\/p>\n<h4 align=\"JUSTIFY\"><span style=\"color: #0b576d;\"><span style=\"font-family: Verdana, sans-serif;\"><span style=\"font-size: small;\"><b>Ist es wahr, dass Moslems keine Demonstration gegen Terror im Namen des Islam veranstalten k\u00f6nnen, weil (die Lieblingsausrede von Moslems) ihnen die \u201eOrganisation\u201c daf\u00fcr fehlt?<\/b><\/span><\/span><\/span><\/h4>\n<p align=\"JUSTIFY\"><span style=\"color: #414141;\"><span style=\"font-family: Verdana, sans-serif;\"><span style=\"font-size: small;\">Als Anfang der 90er Jahre in M\u00f6lln und Solingen Nazis Ausl\u00e4nder t\u00f6teten, gingen Millionen Deutsche auf die Strasse. Selbst im seit 50 Jahren terrorgepr\u00fcften Israel sind die gr\u00f6\u00dften Demonstrationen in der Geschichte des Landes Friedensdemonstrationen.<\/span><\/span><\/span><\/p>\n<p align=\"JUSTIFY\"><span style=\"color: #414141;\"><span style=\"font-family: Verdana, sans-serif;\"><span style=\"font-size: small;\">Moslems, die ja angeblich keine Organisation haben sollen, organisieren Europaweit perfekt vorbereitete Demonstrationen gegen ein Kopftuchverbot. Andere Moslems sind dazu in der Lage, Einmal im Jahr an einem bestimmten Datum, am so genannten \u201eAl-Quds Tag\u201c weltweite Demonstrationen mit mehrere Millionen Teilnehmer zu organisieren, wo zur Vernichtung Israels aufgerufen wird.<\/span><\/span><\/span><\/p>\n<p align=\"JUSTIFY\"><span style=\"color: #414141;\"><span style=\"font-family: Verdana, sans-serif;\"><span style=\"font-size: small;\">Wie glaubw\u00fcrdig klingen dann noch billige Ausreden, dass Moslems keine Organisation f\u00fcr eine Anti-Terror Demonstration h\u00e4tten?<\/span><\/span><\/span><\/p>\n<p><a href=\"https:\/\/www.wissen-agentur.de\/download-liste-presseartikel-islam-autor-uwe-melzer-wissen-agentur.pdf\"><img loading=\"lazy\" decoding=\"async\" src=\"https:\/\/www.ichthys-consulting.de\/grafik-islam-manuskript-presseartikel-100x158.jpg\" width=\"100\" height=\"158\" class=\"alignright\" \/><\/a><\/p>\n<p align=\"JUSTIFY\"><span style=\"color: #852302;\"><span style=\"font-family: Verdana, sans-serif;\"><span style=\"font-size: small;\">Der wahre Grund ist (leider), dass eine islamische Anti-Terror Demonstration gegen den weltweiten islamischen Terror eine Demonstration gegen den Koran, gegen Allahs Wort und gegen Mohamads\u00b4 Taten w\u00e4re. Und das wird und darf kein Moslem tun.<\/span><\/span><\/span><span style=\"color: #878787; font-family: Verdana, sans-serif; font-size: small;\"> (Autor: Mehrdad)<\/span><\/p>\n<p>Eine Auflistung aller <strong>Presseartikel \u00fcber den Islam<\/strong> mit allen Internetlinks erhalten Sie auch als kostenloses PDF-Dokument.<br \/> <strong><a href=\"https:\/\/www.wissen-agentur.de\/download-liste-presseartikel-islam-autor-uwe-melzer-wissen-agentur.pdf\" title=\"Liste aller Islam Presseartikel von Autor Uwe Melzer als PDF-Dokument\"><font color=\"#000080\">*** Islamliste downloaden ***<\/font><\/a><\/strong><\/p>\n<p><a href=\"https:\/\/www.rettung-fuer-deutschland.de\/download-liste-presseartikel-fluechtlingskrise-rfd-autor-uwe-melzer.pdf\"><img loading=\"lazy\" decoding=\"async\" src=\"https:\/\/www.rettung-fuer-deutschland.de\/foto-fleuchtlingskrise-zivilisationt-droht-untergang-180x112.jpg\" width=\"180\" height=\"112\" class=\"alignright\" \/><\/a><strong>Liste von Presseartikel zum Thema Fl\u00fcchtlingskrise von Autor Uwe Melzer.<\/strong> Droht unserer europ\u00e4ischen Zivilisation und dem sozialen Frieden der Untergang, auch im Zusammenhang mit der Fl\u00fcchtlingskrise, oder schaffen wir das? <strong><a href=\"https:\/\/www.rettung-fuer-deutschland.de\/download-liste-presseartikel-fluechtlingskrise-rfd-autor-uwe-melzer.pdf\"><font color=\"#000080\">&#8211; Kostenloser Download &#8211;<\/font><\/a><\/strong><\/p>\n<p><strong>Das macht das Christentum aus: <a href=\"https:\/\/www.minus-plus.de\"><font color=\"#000080\">Vom MINUS zum PLUS!<\/font><\/a><\/strong><br \/>\n<a href=\"https:\/\/www.minus-plus.de\/\"><img loading=\"lazy\" decoding=\"async\" src=\"https:\/\/www.ichthys-consulting.de\/foto-vom-minus-zum-plus-250x174.jpg\" width=\"250\" height=\"174\" class=\"alignright\" \/><\/a>Das ist Ihre Chance! Gott sagt, er liebt Sie, er verliert Sie nie aus den Augen. Der Glaube ist da f\u00fcr das Unm\u00f6gliche! Bibel, Neues Testament, Matth\u00e4us 11,5-6 + Lukas 7,22-23: Blinde sehen und Lahme gehen, Auss\u00e4tzige werden rein und Taube h\u00f6ren, Tote stehen auf, und Armen wird das Evangelium gepredigt; und selig ist, wer sich nicht an mir \u00e4rgert. Alle die zu Jesus Christus im neuen Testament der Bibel kamen wurden geheilt. Das ist auch heute noch die Botschaft an die Menschheit. <strong>Am tiefsten Punkt unserer Not setzt das Evangelium von Jesus Christus an. Jesus sah sein Leben als eine Befreiungsaktion. Er sagte, er sei gekommen, \u201czu suchen und zu retten, was verloren ist\u201d.<\/strong> Er selbst hat auch gesagt, dass sein Tod kein Unfall war. Er kam, um zu sterben: \u201cDes Menschen Sohn kam nicht, um sich dienen zu lassen, sondern um zu dienen und sein Leben f\u00fcr viele hinzugeben.\u201d <strong><a href=\"https:\/\/www.minus-plus.de\"><font color=\"#000080\">https:\/\/www.minus-plus.de<\/font><\/a><\/strong><\/p>\n<p><a href=\"https:\/\/www.rettung-fuer-deutschland.de\"><img loading=\"lazy\" decoding=\"async\" src=\"https:\/\/www.rettung-fuer-deutschland.de\/Grafik-Logo-RfD-35.jpg\" width=\"35\" height=\"35\" class=\"alignleft\" \/><\/a><strong><a href=\"https:\/\/www.rettung-fuer-deutschland.de\" title=\"RFD Rettung f\u00fcr Deutschland\"><font color=\"#000080\">RfD Rettung f\u00fcr Deutschland<\/font><\/a><\/strong><a href=\"https:\/\/www.50-erfolgsgrundlagen.de\/\"><img loading=\"lazy\" decoding=\"async\" src=\"https:\/\/www.50-erfolgsgrundlagen.de\/Grafik-WP-Buch-Titelseite-H100.jpg\" width=\"71\" height=\"100\" class=\"alignright\" \/><\/a> &#8211; Mehr Informationen \u00fcber biblische Wahrheiten (auch im Gesch\u00e4ftsleben) finden Sie in dem Buch\/eBook von Autor Uwe Melzer mit dem Titel: <strong><a href=\"https:\/\/www.50-erfolgsgrundlagen.de\/\"><font color=\"#000080\">50 biblische Erfolgsgrundlagen im Gesch\u00e4ftsleben.<\/font><\/a><\/strong> Dieses Buch\/eBook ist erschienen im <strong><a href=\"https:\/\/www.epubli.de\/shop\/autor\/Uwe-Melzer\/2518\"><font color=\"#000080\">epubli-Verlag unter Buch-ISBN: 978-3-8442-2969-1 und eBook\/ePUB-ISBN: 978-3-8442-0365-3.<\/font><\/a><\/strong> <\/p>\n<p><a href=\"https:\/\/www.ichthys-consulting.de\/\"><img loading=\"lazy\" decoding=\"async\" src=\"https:\/\/www.ichthys-consulting.de\/Grafik-WP-Ichthys-Logo-Fisch-Glaube.jpg\" width=\"212\" height=\"140\" class=\"alignleft\" \/><\/a><strong><a href=\"https:\/\/www.ichthys-consulting.de\"><font color=\"#f50700\">ICHTHYS-CONSULTING<\/font><br \/>\n<font color=\" #464646\">christliche Unternehmensberatung<\/font><\/a><\/strong><br \/>\nE-Mail: <a href=\"mailto:info@ichthys-consulting.de\"><font color=\"#000080\">info@ichthys-consulting.de<\/font><\/a><br \/>\nInternet: <a href=\"https:\/\/www.ichthys-consulting.de\"><font color=\"#000080\">www.ichthys-consulting.de<\/font><\/a><br \/>\n<a href=\"https:\/\/twitter.com\/share\" class=\"twitter-share-button\" data-url=\"https:\/\/ichthys-consulting.de\/blog\/?p=3561\" data-text=\"#Iranischer #Ex-Moslem: Wie der #Islam wirklich ist! Was steht im #Koran?\" data-lang=\"de\">Twittern<\/a><script>!function(d,s,id){var js,fjs=d.getElementsByTagName(s)[0];if(!d.getElementById(id)){js=d.createElement(s);js.id=id;js.src=\"\/\/platform.twitter.com\/widgets.js\";fjs.parentNode.insertBefore(js,fjs);}}(document,\"script\",\"twitter-wjs\");<\/script><script type=\"text\/javascript\" src=\"https:\/\/apis.google.com\/js\/plusone.js\"> {lang: 'de'} <\/script><g:plusone><\/g:plusone><\/p>\n<div id=\"fb-root\"><\/div>\n<p><script>(function(d, s, id) { var js, fjs = d.getElementsByTagName(s)[0]; if (d.getElementById(id)) return; js = d.createElement(s); js.id = id; js.src = \"\/\/connect.facebook.net\/de_DE\/sdk.js#xfbml=1&version=v2.5\";  fjs.parentNode.insertBefore(js, fjs); }(document, 'script', 'facebook-jssdk'));<\/script><\/p>\n<div class=\"fb-like\" data-href=\"https:\/\/ichthys-consulting.de\/blog\/?p=3561\" data-width=\"200\" data-layout=\"button_count\" data-action=\"like\" data-show-faces=\"false\" data-share=\"true\"><\/div>\n","protected":false},"excerpt":{"rendered":"<p>Der folgende, hochinteressante Aufsatz des iranischen Ex-Moslems Mehrdad stammt noch aus der Zeit, in der Nadeem Elyas Vorsitzender des Zentralrats der Muslime in Deutschland war, also bis 2006. Der Inhalt ist aber zeitlos g\u00fcltig. Der Aufsatz widerlegt die von Medien und Politik tradierte Vermittlung eines friedlichen Islam und best\u00e4tigt alles, was wir Islamkritiker \u00fcber diese Gewaltreligion seit Jahren schreiben. (Autor: Mehrdad) Wie ich den Islam als ehemaliger Moslem sehe. Wir h\u00f6ren immer wieder von so genannten \u201eIslamexperten\u201c, dass der Koran und die islamische Religion, die auf dem Koran basieren, friedlich seien und mit Demokratie und Toleranz vereinbar seien. Ich bin weissgott kein Experte im Sinne der islamischen Theorie, sondern wenn \u00fcberhaupt etwas fachkundig, was die islamische Praxis angeht. Ich war lediglich ein Moslem aus dem heutigen Iran und bin erst hier in Deutschland aus dem Islam ausgetreten, weil dies in meine Heimat die Todesstrafe nach sich zieht. Mein Austritt kam unmittelbar nach den schrecklichen Ereignissen von 11\/9. Letztlich ist das der einzige Weg, sich von Terroristen im Namen Allahs zu distanzieren, WEIL dieser Terror leider islamisch gesehen legitimiert werden kann. Hier geht es nicht darum, ob friedliche Muslime ihr Handeln islamisch legitimieren k\u00f6nnen, sondern um islamische Terroristen, die ihre Taten v\u00f6llig zu Recht als islamische Taten im Sinne Allahs und Mohammeds bezeichnen. Islamische Terroristen k\u00f6nnen sich stets auf den Koran berufen. Ich m\u00f6chte dies anhand einiger Beispiele aus dem Koran verdeutlichen. Meine Koran\u00fcbersetzungen habe ich ausschlie\u00dflich von der Seite www.islam.de. Diese Seite geh\u00f6rt zum \u201eZentralrat der Muslime in Deutschland\u201c. der Vorsitzende dieses Vereins ist der in Saudi-Arabien geborener \u201eDr. Nadeem Elyas\u201c. Dieser Mann war Gegenstand einer Panorama-Sendung, wo Videoaufzeichnungen gezeigt wurden, auf denen er die Vernichtung des Westens vorhersagte, wenn dieser sich nicht so entwickelt, wie er es f\u00fcr richtig h\u00e4lt. Ferner war dieser Mann nachweislich Mitglied der Muslimbruderschaft und er hat sich strikt geweigert, die Steinigung als Strafe abzulehnen. Wenn man Koran\u00fcbersetzungen von solch einer Seite nimmt, dann kann einem wohl kaum \u201eVerdrehung\u201c und \u201eVerf\u00e4lschung\u201c vorgeworfen werden, was Muslime besonders gerne gegen Fakten aus dem Koran tun.  Ich fange also an: Kann ein Muslim, der gezielt ungl\u00e4ubige Zivilisten t\u00f6tet, dies mit dem Koran vereinbaren? Leider JA.  In der Koran\u00fcbersetzung von www.islam.de hei\u00dft es in der Sure 2, Vers 191: \u201eUnd t\u00f6tet sie, wo immer ihr auf sie sto\u00dft, und vertreibt sie, von wo sie euch vertrieben haben; denn die Verf\u00fchrung (zum Unglauben) ist schlimmer als T\u00f6ten.\u201c \u2026 vollst\u00e4ndigen Presseartikel lesen bei WordPress: https:\/\/ichthys-consulting.de\/blog\/?p=3561<\/p>\n","protected":false},"author":24003,"featured_media":0,"comment_status":"open","ping_status":"open","sticky":false,"template":"","format":"standard","meta":{"footnotes":""},"categories":[1,45,4,39,17,3,3096,18,7,5],"tags":[3726,1905,3711,3723,101,58,1739,266,739,3722,3704,3700,3718,2954,3703,1181,59,3719,2864,3716,1974,3699,523,3710,3705,1732,3120,3460,57,221,3370,3724,518,3709,262,3721,1907,3205,3701,3715,3671,3712,3713,1275,2559,3707,1890,3494,1934,109,3442,1899,1895,1911,3720,3708,2085,2067,480,3717,2803,3706,1095,519,510,3268,522,3006,3714,1614,3702,2849],"class_list":["post-3561","post","type-post","status-publish","format-standard","hentry","category-allgemein","category-bibel","category-christ","category-evangelium","category-gesellschaft","category-glaube","category-islam","category-kirche","category-predigt","category-religion","tag-al-quds","tag-allah","tag-apostaten","tag-auslaender","tag-christen","tag-christus","tag-demokratie","tag-deutschland","tag-diktaturen","tag-dominieren","tag-ehemaliger","tag-ex-moslem","tag-folterknecht","tag-friedlichen","tag-gewaltreligion","tag-glaubige","tag-gott","tag-grossmufti","tag-hitler","tag-hudna","tag-iran","tag-iranischer","tag-islam","tag-islamaustreter","tag-islamexperten","tag-islamische","tag-islamkritiker","tag-israel","tag-jesus","tag-juden","tag-kaempfen","tag-kopftuchverbot","tag-koran","tag-koranuebersetzungen","tag-krieg","tag-lebensbereiche","tag-legitimiert","tag-massaker","tag-mehrdad","tag-mekka","tag-messias","tag-missionare","tag-mohamad","tag-mohammed","tag-moslem","tag-muslimbruderschaft","tag-muslime","tag-nazis","tag-paradies","tag-propheten","tag-religion","tag-saudi-arabien","tag-scharia","tag-selbstmordanschlage","tag-ss-divisionen","tag-steinigung","tag-strafe","tag-sure","tag-terror","tag-terrorbanden","tag-terroristen","tag-todesstrafe","tag-toleranz","tag-toten","tag-totet","tag-unglauben","tag-unglaubige","tag-verfuehrung","tag-waffenstillstand","tag-weltanschauung","tag-zentralrat","tag-zivilisten"],"_links":{"self":[{"href":"https:\/\/ichthys-consulting.de\/blog\/wp-json\/wp\/v2\/posts\/3561","targetHints":{"allow":["GET"]}}],"collection":[{"href":"https:\/\/ichthys-consulting.de\/blog\/wp-json\/wp\/v2\/posts"}],"about":[{"href":"https:\/\/ichthys-consulting.de\/blog\/wp-json\/wp\/v2\/types\/post"}],"author":[{"embeddable":true,"href":"https:\/\/ichthys-consulting.de\/blog\/wp-json\/wp\/v2\/users\/24003"}],"replies":[{"embeddable":true,"href":"https:\/\/ichthys-consulting.de\/blog\/wp-json\/wp\/v2\/comments?post=3561"}],"version-history":[{"count":0,"href":"https:\/\/ichthys-consulting.de\/blog\/wp-json\/wp\/v2\/posts\/3561\/revisions"}],"wp:attachment":[{"href":"https:\/\/ichthys-consulting.de\/blog\/wp-json\/wp\/v2\/media?parent=3561"}],"wp:term":[{"taxonomy":"category","embeddable":true,"href":"https:\/\/ichthys-consulting.de\/blog\/wp-json\/wp\/v2\/categories?post=3561"},{"taxonomy":"post_tag","embeddable":true,"href":"https:\/\/ichthys-consulting.de\/blog\/wp-json\/wp\/v2\/tags?post=3561"}],"curies":[{"name":"wp","href":"https:\/\/api.w.org\/{rel}","templated":true}]}}