{"id":3878,"date":"2017-01-12T11:30:35","date_gmt":"2017-01-12T09:30:35","guid":{"rendered":"http:\/\/ichthys-consulting.de\/blog\/?p=3878"},"modified":"2017-01-14T17:03:03","modified_gmt":"2017-01-14T15:03:03","slug":"katholischer-klerus-heisst-den-islam-in-der-kirche-willkommen-und-verneigt-sich-vor-ihm","status":"publish","type":"post","link":"https:\/\/ichthys-consulting.de\/blog\/katholischer-klerus-heisst-den-islam-in-der-kirche-willkommen-und-verneigt-sich-vor-ihm\/","title":{"rendered":"Katholischer Klerus hei\u00dft den Islam in der Kirche willkommen und verneigt sich vor ihm!"},"content":{"rendered":"<p><a href=\"https:\/\/ichthys-consulting.de\/blog\/?p=3878\"><img loading=\"lazy\" decoding=\"async\" src=\"https:\/\/www.ichthys-consulting.de\/foto-wp-islam-koran-christentum-bibel-gegensaetze-kreuz-beleuchtet-620x289.jpg\" width=\"620\" height=\"289\" class=\"alignnone size-medium\" \/><\/a><\/p>\n<p><em>von Giulio Meotti &#8211; 8. Januar 2017 &#8211; Englischer Originaltext: Christian Clergy Welcomes Islam in Church, Then Bows to It &#8211; \u00dcbersetzung: Daniel Heiniger<\/em><\/p>\n<ul>\n<li>\n<p>Letzten Juli wurde zum ersten Mal in Italien w\u00e4hrend einer Messe ein Vers des Korans vom Altar herunter rezitiert.<\/p>\n<\/li>\n<li>\n<p>Ein Priester im S\u00fcden Italiens erz\u00fcrnte Kirchg\u00e4nger, indem er die Jungfrau Maria f\u00fcr die Weihnachtskrippe seiner Kirche in eine muslimische Burka kleidete. Diese interreligi\u00f6sen Initiativen fu\u00dfen auf der allm\u00e4hlichen Beseitigung des westlich-christlichen Erbes zugunsten des Islam.<\/p>\n<\/li>\n<li>\n<p>Die katholische Geistlichkeit ist wahrscheinlich von Papst Franziskus selbst desorientiert; Er war der erste, der den Vortrag islamischer Gebete und Lesungen aus dem Koran aus dem Vatikan erlaubte.<\/p>\n<\/li>\n<li>\n<p>Der Papst umarmte religi\u00f6sen Relativismus, wenn er mit dem Islam einhergeht. Er wiederholte, dass islamistische Gewalt das Werk einer &#8222;kleinen Gruppe von Fundamentalisten&#8220; sei, die laut ihm nichts mit dem Islam zu tun haben.<\/p>\n<\/li>\n<li>\n<p>Bischof Harries von der Church of England schlug vor, dass der Kr\u00f6nungsgottesdienst f\u00fcr Prinz Charles mit einer Koran-Lesung er\u00f6ffnet werden sollte. In den USA halten mehr als 50 Kirchen, einschlie\u00dflich der Washington National Cathedral, Koranlesungen ab. Gibt es in irgendeiner Moscheen Lesungen der christlichen Liturgie?<\/p>\n<\/li>\n<li>\n<p>Wie kommt es, dass so wenige christliche F\u00fchrer ihre Stimmen gegen diesen beispiellosen Angriff auf ein christliches Denkmal erhoben haben? Haben sie so viele Koranlesungen in ihren eigenen Kirchen organisiert, dass sie es jetzt als normal ansehen, eine Kirche in eine Moschee zu verwandeln?<\/p>\n<\/li>\n<li>\n<p>W\u00e4re es nicht besser f\u00fcr die katholische Kirche, einen echten Dialog mit den islamischen Gemeinschaften auf der Grundlage von Prinzipien wie Gegenseitigkeit (wenn ihr Moscheen in Europa baut, dann bauen wir Kirchen im Nahen Osten), Schutz christlicher Minderheiten unter dem Halbmond und theologische Ablehnung des Dschihad gegen &#8222;Ungl\u00e4ubige&#8220; aufzubauen?<\/p>\n<\/li>\n<\/ul>\n<p><strong>Es gibt in Italien und Europa einen beunruhigenden und wachsenden Trend.<\/strong><\/p>\n<p>Zum ersten Mal seit \u00fcber 700 Jahren erklangen <a href=\"https:\/\/www.ilgiornale.it\/news\/cronache\/firenze-lislam-entra-duomo-canti-che-inneggiano-corano-1310075.html\">islamische Lieder<\/a> in der Florentiner Kathedrale, der Kirche Santa Maria del Fiore. Unter dem ber\u00fchmten Dom von Brunelleschi begleiteten islamische Melodien christliche. Die &#8222;interreligi\u00f6se Initiative&#8220; wurde eine blo\u00dfe Woche nach dem barbarischen Massaker durch islamistische Terroristen in der Satirezeitschrift <i>Charlie Hebdo<\/i> in Paris promotet und umfasste unter anderem &#8222;Koran ist Gerechtigkeit&#8220; und andere &#8222;Hymnen&#8220;.<\/p>\n<p>Ein Priester im S\u00fcden von Italien erz\u00fcrnte Gemeindemitglieder, indem er die Jungfrau Maria f\u00fcr die Weihnachtskrippe seiner Kirche in eine muslimische Burka kleidete. Der Pfarrer der <a href=\"https:\/\/www.nuovadelsud.it\/potenza-e-provincia\/potenza-e-provincia-news\/citta\/10972-madonna-con-il-burqa-nel-presepe,-passo-indietro-di-don-franco-ma-%C3%A8-bagarre.html\">Pfarrei<\/a> der Heiligen Joachim und Anne in Potenza, Pater Franco Corbo, <a href=\"https:\/\/www.avvenire.it\/rubriche\/pagine\/perle-in-pagina-tra-boomerange-scuse-e-perdoni-detti-e-non-detti\">sagte<\/a>, er habe die spezielle Krippe &#8222;im Namen des Dialogs zwischen den Religionen&#8220; gebaut. Diese interreligi\u00f6sen Initiativen gr\u00fcnden auf der allm\u00e4hlichen Beseitigung des westlich-christlichen Erbes zugunsten des Islam.<\/p>\n<p>Ein anderer Priester in Italien <a href=\"https:\/\/milano.corriere.it\/notizie\/cronaca\/16_dicembre_09\/cremona-via-presepe-cimitero-per-rispetto-islamici-sepolti-5e233fd0-bd87-11e6-bfdb-603b8f716051.shtml\">beseitigte die Weihnachtskrippe<\/a> auf dem \u00f6rtlichen Friedhof, weil &#8222;es Muslime beleidigen k\u00f6nnte&#8220;. Pater Sante Braggi\u00e8 sagte, es g\u00e4be keine Krippe auf dem Friedhof in der n\u00f6rdlichen Stadt Cremona, weil sie Menschen anderer Glaubensrichtungen oder Menschen, deren Verwandte nicht dort begraben sind, erz\u00fcrnen k\u00f6nnte:<\/p>\n<p><em><strong>&#8222;Eine kleine Ecke des Friedhofs ist f\u00fcr muslimische Gr\u00e4ber reserviert. Eine in Sichtweite befindliche Krippe k\u00f6nnte als ein Mangel an Respekt gegen\u00fcber Anh\u00e4ngern anderer Glaubensrichtungen angesehen werden, was Empfindlichkeiten von Muslimen, aber auch Indern und sogar Atheisten verletzt&#8220;.<\/strong><\/em><\/p>\n<p>In <a href=\"https:\/\/www.ilgiornale.it\/news\/cronache\/como-corano-messa-nella-mattina-natale-1213137.html\">Rebbio<\/a> bereitete die italienische Pfarrkirche St. Martin das Ende der Messe vor. Pl\u00f6tzlich ergriff eine verschleierte Frau, Nour Fayad, das Wort und las die Verse des Korans, die die Geburt Christi verk\u00fcnden. Die Initiative war vom Priester Don Giusto della Valle als &#8222;Geste des Dialogs&#8220; beabsichtigt.<\/p>\n<p>In Rozano in der N\u00e4he von Mailand sagte <a href=\"https:\/\/www.telegraph.co.uk\/news\/worldnews\/europe\/italy\/12023603\/Italians-outraged-after-headmaster-scraps-Christmas-carol-concert-following-Paris-attacks.html\">Schuldirektor<\/a> Marco Parma das Weihnachtsliederkonzert seiner Schule ab: Er beschloss, traditionelle Feierlichkeiten an der Garofani-Schule zu verbieten, &#8222;um niemanden zu beleidigen&#8220;.<\/p>\n<p>Im Juli wurde zum ersten Mal in Italien ein Vers des Korans w\u00e4hrend einer Messe vom Altar rezitiert. Es geschah in der <a href=\"https:\/\/www.lastampa.it\/2016\/07\/31\/multimedia\/italia\/cronache\/santa-maria-in-trastevere-cantato-per-la-prima-volta-versetto-del-corano-1HfVWSbmDRozLVmOsmmAtN\/pagina.html\">Kirche von Santa Maria in Trastevere<\/a> in Rom, w\u00e4hrend einer Zeremonie zum Gedenken an <a href=\"https:\/\/de.gatestoneinstitute.org\/8659\/frankreich-priester-hamel\">Pater Jacques Hamel<\/a>, der von ISIS-Terroristen in Frankreich abgeschlachtet worden war. W\u00e4hrend die Katholiken das Glaubensbekenntnis rezitierten, wiederholte ein Abgesandter der Al-Azhar-Moschee in Kairo sanft ein &#8222;islamisches Gebet f\u00fcr den Frieden&#8220;.<\/p>\n<p><em><a href=\"https:\/\/ichthys-consulting.de\/blog\/?p=3878\"><img loading=\"lazy\" decoding=\"async\" src=\"https:\/\/www.ichthys-consulting.de\/foto-wp-katholische-kirche-vermischt-sich-mit-dem-islam-620x362.jpg\" width=\"620\" height=\"362\" class=\"alignnone size-medium\" \/><\/a><br \/>\nImam Sali Salem rezitiert am 31. Juli 2016 in der R\u00f6mer Kirche Santa Maria in Trastevere einen Vers aus dem Koran.<\/em><\/p>\n<p>Die katholische Geistlichkeit ist wahrscheinlich von <a href=\"https:\/\/www.washingtontimes.com\/news\/2014\/jun\/9\/vatican-makes-history-pope-allows-islamic-prayers-\/\">Papst Franziskus<\/a> selbst desorientiert, der als erster die Lesung islamischer Gebete und Koran-Lesungen aus der bedeutendsten katholischen Einrichtung der Welt erlaubte. Es geschah, als Papst Franziskus sich mit dem verstorbenen israelischen Pr\u00e4sidenten Shimon Peres und dem Pal\u00e4stinenten der pal\u00e4stinensischen Autonomiebeh\u00f6rde Mahmoud Abbas im Vatikan traf, zu einer Versammlung, die daf\u00fcr entworfen war, f\u00fcr den Frieden des Nahen Ostens zu beten.<\/p>\n<p>Seit er zum Papst gew\u00e4hlt wurde, verbrachte Franziskus viel Zeit in Moscheen. Er besuchte viele islamische Kultst\u00e4tten im Ausland, wie in der <a href=\"https:\/\/www.wsj.com\/articles\/pope-francis-prays-in-mosque-in-sign-of-commitment-to-christian-muslim-relations-1417282839?mg=id-wsj\">T\u00fcrkei<\/a> und in der <a href=\"https:\/\/www.theguardian.com\/world\/2015\/nov\/30\/pope-francis-mosque-central-african-republic\">Zentralafrikanischen Republik<\/a>, aber er war auch bereit, der erste Papst zu werden, der die <a href=\"https:\/\/www.christiantoday.com\/article\/pope.francis.set.to.become.first.pontiff.to.visit.the.great.mosque.of.rome\/77197.htm\">Gro\u00dfe Moschee in Rom besucht<\/a>.<\/p>\n<p>Wenn es um den Islam geht, hei\u00dft der Papst religi\u00f6sen Relativismus willkommen. Er <a href=\"https:\/\/www.lifesitenews.com\/news\/did-francis-really-say-catholics-are-as-violent-as-islamic-terrorists\">wiederholte<\/a>, dass islamistische Gewalt das Werk einer &#8222;kleinen Gruppe von Fundamentalisten&#8220; sei, die laut ihm nichts mit dem Islam zu tun haben. Als er gefragt wurde, warum er nicht von islamischer Gewalt spreche, <a href=\"https:\/\/www.lifesitenews.com\/news\/did-francis-really-say-catholics-are-as-violent-as-islamic-terrorists\">antwortete der Papst<\/a>: &#8222;Wenn ich von islamischer Gewalt spreche, dann muss ich von katholischer Gewalt sprechen&#8220;, auch wenn man heutzutage kaum noch Priester, Nonnen oder andere Katholiken finden w\u00fcrde, die irgendwo im Namen Jesu Christi Bomben legen.<\/p>\n<p>Dieser Trend geht \u00fcber Italien hinaus. In Gro\u00dfbritannien schlug <a href=\"https:\/\/www.dailymail.co.uk\/news\/article-2853638\/Koran-read-Prince-Charles-coronation-says-bishop-Critics-attack-proposal-accuse-Church-England-losing-confidence-traditions.html\">Bischof Harries<\/a> vor, dass der Kr\u00f6nungsgottesdienst f\u00fcr Prinz Charles mit einer Lesung aus dem Koran er\u00f6ffnet werden sollte. In den USA halten <a href=\"https:\/\/archive.sltrib.com\/story.php?ref=\/sltrib\/lifestyle\/51832311-80\/initiative-religious-christians-human.html.csp\">mehr als 50 Kirchen<\/a>, einschlie\u00dflich der Washington National Cathedral, Koranlesungen. Der Leiter der evangelischen Kirche in Deutschland, <a href=\"https:\/\/religionnews.com\/2016\/05\/29\/german-protestant-bishop-wants-islam-classes-in-all-state-schools\/\">Bischof Heinrich Bedford-Strohm<\/a>, hat auch gefordert, dass der Islam, in staatlichen Schulen unterrichtet werde. Gibt es in irgendeiner Moschee Lesungen der christlichen Liturgie?<\/p>\n<p>Diese interreligi\u00f6sen Spektakel scheinen uns auch blind zu machen f\u00fcr verst\u00f6rendere Lesungen des Korans in christlichen Kirchen, wie sie in der Hagia Sophia vor kurzem stattgefunden haben: <a href=\"https:\/\/english.alarabiya.net\/en\/life-style\/art-and-culture\/2015\/04\/11\/Istanbul-s-Hagia-Sophia-sees-first-Quran-reading-in-85-years.html\">zum ersten Mal seit 85 Jahren<\/a> lesen die t\u00fcrkischen Muslime einen islamischen Text im Inneren der sch\u00f6nsten Kirche des \u00f6stlichen Christentums. Ihr Ziel ist klar, wie die Gesetzesentw\u00fcrfe im t\u00fcrkischen Parlament best\u00e4tigen: <a href=\"https:\/\/www.al-monitor.com\/pulse\/originals\/2016\/06\/turkey-greece-hagia-sophia-battle-escalates.html\">Islamisierung der Kirche<\/a>, die seit 1935 als Museum genutzt wurde.<\/p>\n<p><strong>Das christliche Schweigen ist weniger klar: Wie kommt es, dass so wenige christliche F\u00fchrer ihre Stimme gegen diesen beispiellosen Angriff auf ein christliches Denkmal erhoben? Haben sie so viele Koran-Lesungen in ihren eigenen Kirchen organisiert, dass sie es jetzt als normal ansehen, eine Kirche in eine Moschee zu verwandeln?<\/strong><\/p>\n<p>Nach einem Terrorangriff in einer Kirche in der Normandie im Juli, <a href=\"https:\/\/www.bbc.com\/news\/world-europe-36936658\">\u00f6ffnete die christliche Geistlichkeit die T\u00fcren ihrer Kirchen<\/a> f\u00fcr die Muslime. Diese Geste wurde als Wendepunkt in der Beziehung zwischen den beiden Religionen begr\u00fc\u00dft. Aber von einer Bev\u00f6lkerung von sechs Millionen Muslimen in Frankreich nahmen nur wenige hundert Muslime teil. War ihre Anwesenheit wirklich repr\u00e4sentativ f\u00fcr die islamische \u00f6ffentliche Meinung?<\/p>\n<p>Diese gut gemeinten Gesten sehen vielleicht aus wie ein interreligi\u00f6ser Gewinn, sind aber tats\u00e4chlich ein \u00f6kumenischer Verlust. W\u00e4re es nicht besser f\u00fcr die K\u00f6pfe der katholischen Kirche, einen echten Dialog mit den islamischen Gemeinschaften herzustellen, der auf Prinzipien wie Gegenseitigkeit (wenn ihr Moscheen baut in Europa, dann bauen wir Kirchen im Nahen Osten), Schutz christlicher Minderheiten unter dem Halbmond und theologische Ablehnung des Dschihads gegen &#8222;Ungl\u00e4ubige&#8220; beruht?<\/p>\n<p>Den katholischen Geistlichen, die die T\u00fcr der Florentiner Kathedrale dem Islam \u00f6ffneten, werden Muslime als n\u00e4chstes vorschlagen, ein Gem\u00e4lde in der Basilika zu entfernen: Domenico di Michelinos &#8222;Dante und die G\u00f6ttliche Kom\u00f6die&#8220;. F\u00fcr muslimische Extremisten ist Dante der &#8222;Blasphemie&#8220; schuldig: er schlie\u00dft Mohammed in seine poetische H\u00f6lle mit ein. Der islamische Staat macht kein Geheimnis aus seiner Bereitschaft, einen <a href=\"https:\/\/europe.newsweek.com\/dantes-tomb-security-boost-italy-fears-isis-attack-330361\">Anschlag auf Dantes Grab in Italien auszu\u00fcben<\/a>. Weitere Anschlagsziele auf der Liste von ISIS sind die Basilika di San Marco in Venedig und die Basilika San Petronio in Bologna, die beide Szenen aus der G\u00f6ttlichen Kom\u00f6die darstellen.<\/p>\n<p>Eine Fantasie? Ganz und gar nicht. Die italienische Menschenrechtsorganisation <a href=\"https:\/\/www.gherush92.com\/\">Gherush92<\/a>, die die Vereinten Nationen in Sachen Menschenrechte ber\u00e4t, hat bereits darum gebeten, Dante aus den Lehrpl\u00e4nen zu entfernen, weil er angeblich &#8222;<a href=\"https:\/\/www.theguardian.com\/books\/2012\/mar\/14\/the-divine-comedy-offensive-discriminatory\">islamophob<\/a>&#8220; ist.<\/p>\n<p><strong>In dieser neuen interreligi\u00f6sen &#8222;Korrektheit&#8220; gewinnt nur der Islam. Christen haben alles zu verlieren.<\/strong><\/p>\n<p><em>Quelle: Gatestone Institute &#8211; Autor: Giulio Meotti, Kulturredaktor f\u00fcr Il Foglio, ist italienischer Journalist<\/em><br \/>\n&#8212;&#8212;&#8212;&#8212;&#8212;&#8212;&#8212;&#8212;&#8212;&#8212;&#8212;&#8212;&#8212;&#8212;&#8212;&#8212;&#8212;&#8212;&#8212;&#8212;&#8212;&#8212;&#8212;&#8212;&#8212;&#8212;&#8212;&#8212;&#8212;&#8212;&#8212;&#8212;&#8212;&#8212;&#8212;&#8212;&#8212;&#8212;&#8212;&#8212;&#8212;&#8212;&#8212;&#8212;-<br \/>\n<a href=\"https:\/\/www.wissen-agentur.de\/download-islam-christentum.pdf\"><img loading=\"lazy\" decoding=\"async\" src=\"https:\/\/www.ichthys-consulting.de\/grafik-manu-offen-islam-christ-160x70.jpg\" width=\"160\" height=\"70\" class=\"alignright size-medium\" \/><\/a><strong><a href=\"https:\/\/www.wissen-agentur.de\/download-islam-christentum.pdf\"><font color=\"#000080\">Kostenloses Manuskript als PDF-Download: Islam und Christentum<\/font><\/a><\/strong> &#8211; Was ist die Motivation der islamischen Fundamentalisten? Manuskript eBook PDF mit 28 DIN A4 Seiten, 561 KB<\/p>\n<p><a href=\"https:\/\/www.ichthys-consulting.de\/download-liste-presseartikel-islam-autor-uwe-melzer-wissen-agentur.pdf\"><img loading=\"lazy\" decoding=\"async\" src=\"https:\/\/www.ichthys-consulting.de\/grafik-islam-gefahr-welt-keine-religion-diktatur-156x112.jpg\" width=\"156\" height=\"112\" class=\"alignright size-medium\" \/><\/a><strong><a href=\"https:\/\/www.ichthys-consulting.de\/download-liste-presseartikel-islam-autor-uwe-melzer-wissen-agentur.pdf\"><font color=\"#000080\">Kostenloses Manuskript als PDF-Download: Liste der Presseartikel zum Thema Islam von Autor Uwe Melzer.<\/font><\/a><\/strong> Der Islam ist keine Religion sondern eine islamische Staatsdiktatur! Der Islam &#8211; Die aktuelle Bedrohung f\u00fcr Deutschland und die Welt?&#8220; &#8211; Die L\u00fcge vom friedlichen Islam! Und weitere Artikel &#8230;&#8230;&#8230;&#8230;.. Manuskript eBook PDF mit 6 DIN A4 Seiten, 519 KB<\/p>\n<p><a href=\"https:\/\/www.rettung-fuer-deutschland.de\/download-liste-presseartikel-fluechtlingskrise-rfd-autor-uwe-melzer.pdf\"><img loading=\"lazy\" decoding=\"async\" src=\"https:\/\/www.rettung-fuer-deutschland.de\/foto-fluechtlingskrise-zivilisationt-droht-untergang-presseartikel-160x90.jpg\" width=\"160\" height=\"90\" class=\"alignright size-medium\" \/><\/a><strong>Liste von Presseartikel zum Thema Fl\u00fcchtlingskrise von Autor Uwe Melzer.<\/strong> Droht unserer europ\u00e4ischen Zivilisation und dem sozialen Frieden der Untergang, auch im Zusammenhang mit der Fl\u00fcchtlingskrise, oder schaffen wir das? <strong><a href=\"https:\/\/www.rettung-fuer-deutschland.de\/download-liste-presseartikel-fluechtlingskrise-rfd-autor-uwe-melzer.pdf\"><font color=\"#000080\">&#8211; Kostenloser Download &#8211;<\/font><\/a><\/strong><br \/>\n&#8212;&#8212;&#8212;&#8212;&#8212;&#8212;&#8212;&#8212;&#8212;&#8212;&#8212;&#8212;&#8212;&#8212;&#8212;&#8212;&#8212;&#8212;&#8212;&#8212;&#8212;&#8212;&#8212;&#8212;&#8212;&#8212;&#8212;&#8212;&#8212;&#8212;&#8212;&#8212;&#8212;&#8212;&#8212;&#8212;&#8212;&#8212;&#8212;&#8212;&#8212;&#8212;&#8212;&#8212;-<br \/>\n<strong>Vom MINUS zum PLUS! <\/strong><br \/>\n<a href=\"https:\/\/www.minus-plus.de\/\"><img loading=\"lazy\" decoding=\"async\" src=\"https:\/\/www.ichthys-consulting.de\/foto-vom-minus-zum-plus-250x174.jpg\" width=\"250\" height=\"174\" class=\"alignright\" \/><\/a>Das ist Ihre Chance! Gott sagt, er liebt Sie, er verliert Sie nie aus den Augen. Der Glaube ist da f\u00fcr das Unm\u00f6gliche! Bibel, Neues Testament, Matth\u00e4us 11,5-6 + Lukas 7,22-23: Blinde sehen und Lahme gehen, Auss\u00e4tzige werden rein und Taube h\u00f6ren, Tote stehen auf, und Armen wird das Evangelium gepredigt; und selig ist, wer sich nicht an mir \u00e4rgert. Alle die zu Jesus Christus im neuen Testament der Bibel kamen wurden geheilt. Das ist auch heute noch die Botschaft an die Menschheit. <strong>Am tiefsten Punkt unserer Not setzt das Evangelium von Jesus Christus an. Jesus sah sein Leben als eine Befreiungsaktion. Er sagte, er sei gekommen, \u201czu suchen und zu retten, was verloren ist\u201d.<\/strong> Er selbst hat auch gesagt, dass sein Tod kein Unfall war. Er kam, um zu sterben: \u201cDes Menschen Sohn kam nicht, um sich dienen zu lassen, sondern um zu dienen und sein Leben f\u00fcr viele hinzugeben.\u201d <strong><a href=\"https:\/\/www.minus-plus.de\"><font color=\"#000080\">https:\/\/www.minus-plus.de<\/font><\/a><\/strong><\/p>\n<p><a href=\"https:\/\/www.rettung-fuer-deutschland.de\"><img loading=\"lazy\" decoding=\"async\" src=\"https:\/\/www.rettung-fuer-deutschland.de\/Grafik-Logo-RfD-35.jpg\" width=\"35\" height=\"35\" class=\"alignleft\" \/><\/a><strong><a href=\"https:\/\/www.rettung-fuer-deutschland.de\" title=\"RFD Rettung f\u00fcr Deutschland\"><font color=\"#000080\">RfD Rettung f\u00fcr Deutschland<\/font><\/a><\/strong><a href=\"https:\/\/www.50-erfolgsgrundlagen.de\/\"><img loading=\"lazy\" decoding=\"async\" src=\"https:\/\/www.50-erfolgsgrundlagen.de\/Grafik-WP-Buch-Titelseite-H100.jpg\" width=\"71\" height=\"100\" class=\"alignright\" \/><\/a> &#8211; Mehr Informationen \u00fcber biblische Wahrheiten (auch im Gesch\u00e4ftsleben) finden Sie in dem Buch\/eBook von Autor Uwe Melzer mit dem Titel: <strong><a href=\"https:\/\/www.50-erfolgsgrundlagen.de\/\"><font color=\"#000080\">50 biblische Erfolgsgrundlagen im Gesch\u00e4ftsleben.<\/font><\/a><\/strong> Dieses Buch\/eBook ist erschienen im <strong><a href=\"https:\/\/www.epubli.de\/shop\/autor\/Uwe-Melzer\/2518\"><font color=\"#000080\">epubli-Verlag unter Buch-ISBN: 978-3-8442-2969-1 und eBook\/ePUB-ISBN: 978-3-8442-0365-3.<\/font><\/a><\/strong> <\/p>\n<p><a href=\"https:\/\/www.ichthys-consulting.de\/\"><img loading=\"lazy\" decoding=\"async\" src=\"https:\/\/www.ichthys-consulting.de\/Grafik-WP-Ichthys-Logo-Fisch-Glaube.jpg\" width=\"212\" height=\"140\" class=\"alignleft\" \/><\/a><strong><a href=\"https:\/\/www.ichthys-consulting.de\"><font color=\"#f50700\">ICHTHYS-CONSULTING<\/font><br \/>\n<font color=\" #464646\">christliche Unternehmensberatung<\/font><\/a><\/strong><br \/>\nE-Mail: <a href=\"mailto:info@ichthys-consulting.de\"><font color=\"#000080\">info@ichthys-consulting.de<\/font><\/a><br \/>\nInternet: <a href=\"https:\/\/www.ichthys-consulting.de\"><font color=\"#000080\">www.ichthys-consulting.de<\/font><\/a><br \/>\n<a href=\"https:\/\/twitter.com\/share\" class=\"twitter-share-button\" data-url=\"https:\/\/ichthys-consulting.de\/blog\/?p=3878\" data-text=\"#Katholischer #Klerus hei\u00dft den #Islam in der #Kirche #willkommen und verneigt sich vor ihm:\" data-lang=\"de\">Twittern<\/a><script>!function(d,s,id){var js,fjs=d.getElementsByTagName(s)[0];if(!d.getElementById(id)){js=d.createElement(s);js.id=id;js.src=\"\/\/platform.twitter.com\/widgets.js\";fjs.parentNode.insertBefore(js,fjs);}}(document,\"script\",\"twitter-wjs\");<\/script><script type=\"text\/javascript\" src=\"https:\/\/apis.google.com\/js\/plusone.js\"> {lang: 'de'} <\/script><g:plusone><\/g:plusone><\/p>\n<div id=\"fb-root\"><\/div>\n<p><script>(function(d, s, id) { var js, fjs = d.getElementsByTagName(s)[0]; if (d.getElementById(id)) return; js = d.createElement(s); js.id = id; js.src = \"\/\/connect.facebook.net\/de_DE\/sdk.js#xfbml=1&version=v2.5\";  fjs.parentNode.insertBefore(js, fjs); }(document, 'script', 'facebook-jssdk'));<\/script><\/p>\n<div class=\"fb-like\" data-href=\"https:\/\/ichthys-consulting.de\/blog\/?p=3878\" data-width=\"200\" data-layout=\"button_count\" data-action=\"like\" data-show-faces=\"false\" data-share=\"true\"><\/div>\n","protected":false},"excerpt":{"rendered":"<p>Letzten Juli wurde zum ersten Mal in Italien w\u00e4hrend einer Messe ein Vers des Korans vom Altar herunter rezitiert. Ein Priester im S\u00fcden Italiens erz\u00fcrnte Kirchg\u00e4nger, indem er die Jungfrau Maria f\u00fcr die Weihnachtskrippe seiner Kirche in eine muslimische Burka kleidete. Diese interreligi\u00f6sen Initiativen fu\u00dfen auf der allm\u00e4hlichen Beseitigung des westlich-christlichen Erbes zugunsten des Islam. Die katholische Geistlichkeit ist wahrscheinlich von Papst Franziskus selbst desorientiert; Er war der erste, der den Vortrag islamischer Gebete und Lesungen aus dem Koran aus dem Vatikan erlaubte. Der Papst umarmte religi\u00f6sen Relativismus, wenn er mit dem Islam einhergeht. Er wiederholte, dass islamistische Gewalt das Werk einer &#8222;kleinen Gruppe von Fundamentalisten&#8220; sei, die laut ihm nichts mit dem Islam zu tun haben. Bischof Harries von der Church of England schlug vor, dass der Kr\u00f6nungsgottesdienst f\u00fcr Prinz Charles mit einer Koran-Lesung er\u00f6ffnet werden sollte. In den USA halten mehr als 50 Kirchen, einschlie\u00dflich der Washington National Cathedral, Koranlesungen ab. Gibt es in irgendeiner Moscheen Lesungen der christlichen Liturgie? Wie kommt es, dass so wenige christliche F\u00fchrer ihre Stimmen gegen diesen beispiellosen Angriff auf ein christliches Denkmal erhoben haben? Haben sie so viele Koranlesungen in ihren eigenen Kirchen organisiert, dass sie es jetzt als normal ansehen, eine Kirche in eine Moschee zu verwandeln?<br \/>\nW\u00e4re es nicht besser f\u00fcr die katholische Kirche, einen echten Dialog mit den islamischen Gemeinschaften auf der Grundlage von Prinzipien wie Gegenseitigkeit (wenn ihr Moscheen in Europa baut, dann bauen wir Kirchen im Nahen Osten), Schutz christlicher Minderheiten unter dem Halbmond und theologische Ablehnung des Dschihad gegen &#8222;Ungl\u00e4ubige&#8220; aufzubauen? Es gibt in Italien und Europa einen beunruhigenden und wachsenden Trend. Manuskript: Islam &#038; Christentum \u2013 Manuskript Islam Presseartikel \u2013 kostenloser Download \u2026 vollst\u00e4ndigen Presseartikel lesen bei WordPress: https:\/\/ichthys-consulting.de\/blog\/?p=3878<\/p>\n","protected":false},"author":24003,"featured_media":0,"comment_status":"open","ping_status":"open","sticky":false,"template":"","format":"standard","meta":{"footnotes":""},"categories":[1,45,4,39,17,3,3096,18,7,5],"tags":[3910,3919,1920,3913,3922,308,51,223,1826,3917,1748,3803,2617,3336,483,3916,2218,3915,3914,523,1970,3926,210,584,2609,232,3905,3453,3911,3906,518,3923,3920,3924,1366,2072,3908,1898,2370,1388,3925,2053,578,3921,3918,529,2045,1864,3909,3912,3907],"class_list":["post-3878","post","type-post","status-publish","format-standard","hentry","category-allgemein","category-bibel","category-christ","category-evangelium","category-gesellschaft","category-glaube","category-islam","category-kirche","category-predigt","category-religion","tag-altar","tag-bischof","tag-bomben","tag-burka","tag-charles","tag-christi","tag-christliche","tag-christliches","tag-church","tag-desorientiert","tag-dschihad","tag-england","tag-erbe","tag-franziskus","tag-fundamentalisten","tag-geistlichkeit","tag-gewalt","tag-initiativen","tag-interreligioesen","tag-islam","tag-islamistische","tag-islamophob","tag-italien","tag-jesu","tag-jungfrau","tag-katholische","tag-katholischer","tag-kirche","tag-kirchgaenger","tag-klerus","tag-koran","tag-koranlesungen","tag-kroenungsgottesdienst","tag-liturgie","tag-maria","tag-menschenrechte","tag-messe","tag-moscheen","tag-muslimische","tag-nationen","tag-nonnen","tag-papst","tag-priester","tag-prinz","tag-relativismus","tag-religiosen","tag-vatikan","tag-vereinten","tag-vers","tag-weihnachtskrippe","tag-willkommen"],"_links":{"self":[{"href":"https:\/\/ichthys-consulting.de\/blog\/wp-json\/wp\/v2\/posts\/3878","targetHints":{"allow":["GET"]}}],"collection":[{"href":"https:\/\/ichthys-consulting.de\/blog\/wp-json\/wp\/v2\/posts"}],"about":[{"href":"https:\/\/ichthys-consulting.de\/blog\/wp-json\/wp\/v2\/types\/post"}],"author":[{"embeddable":true,"href":"https:\/\/ichthys-consulting.de\/blog\/wp-json\/wp\/v2\/users\/24003"}],"replies":[{"embeddable":true,"href":"https:\/\/ichthys-consulting.de\/blog\/wp-json\/wp\/v2\/comments?post=3878"}],"version-history":[{"count":0,"href":"https:\/\/ichthys-consulting.de\/blog\/wp-json\/wp\/v2\/posts\/3878\/revisions"}],"wp:attachment":[{"href":"https:\/\/ichthys-consulting.de\/blog\/wp-json\/wp\/v2\/media?parent=3878"}],"wp:term":[{"taxonomy":"category","embeddable":true,"href":"https:\/\/ichthys-consulting.de\/blog\/wp-json\/wp\/v2\/categories?post=3878"},{"taxonomy":"post_tag","embeddable":true,"href":"https:\/\/ichthys-consulting.de\/blog\/wp-json\/wp\/v2\/tags?post=3878"}],"curies":[{"name":"wp","href":"https:\/\/api.w.org\/{rel}","templated":true}]}}