{"id":4830,"date":"2018-05-10T22:00:01","date_gmt":"2018-05-10T20:00:01","guid":{"rendered":"https:\/\/ichthys-consulting.de\/blog\/?p=4830"},"modified":"2019-08-19T17:04:52","modified_gmt":"2019-08-19T15:04:52","slug":"70-jahre-israel-teil-2-israel-existiert-zu-recht-als-staat-und-die-juden-haben-keinen-landraub-begangen-ein-staat-palaestina-hat-nie-existiert-fakten-belegen-geruechte","status":"publish","type":"post","link":"https:\/\/ichthys-consulting.de\/blog\/70-jahre-israel-teil-2-israel-existiert-zu-recht-als-staat-und-die-juden-haben-keinen-landraub-begangen-ein-staat-palaestina-hat-nie-existiert-fakten-belegen-geruechte\/","title":{"rendered":"70 Jahre Israel Teil 3 &#8211; Israel existiert zu Recht als Staat und die Juden haben keinen Landraub begangen! Ein Staat Pal\u00e4stina hat nie existiert. Fakten belegen Ger\u00fcchte!"},"content":{"rendered":"<p><a href=\"https:\/\/ichthys-consulting.de\/blog\/?p=4830\"><img loading=\"lazy\" decoding=\"async\" src=\"https:\/\/www.ichthys-consulting.de\/foto-wp-70-jahre-israel-teil3-luftbild-staatsgebiet-titelbild-620x488.jpg\" width=\"620\" height=\"488\" class=\"alignnone size-medium\"\/><\/a><\/p>\n<p><strong>Sie h\u00e4tten gar kein Anrecht auf das Land, das sie Israel nennen, hei\u00dft es. Sie seien gekommen und h\u00e4tten Millionen von ihrem Land vertrieben, hei\u00dft es. Das Land, in dem sie leben, habe fr\u00fcher den Pal\u00e4stinensern geh\u00f6rt, hei\u00dft es. Sie h\u00e4tten einen Apartheidstaat errichtet, hei\u00dft es. \u201eDer Antisemitismus ist das Ger\u00fccht \u00fcber die Juden\u201c, hei\u00dft es bei Theodor W. Adorno. Heute ist der Antisemitismus auch das Ger\u00fccht \u00fcber Israel.<\/strong> <em>(Autor: Von Thomas Eppinger)<\/em><\/p>\n<p><strong>Pal\u00e4stina war zu keinem Zeitpunkt ein rein arabisches Land, schon immer lebten dort Angeh\u00f6rige verschiedener Volksst\u00e4mme und Religionen. Einen pal\u00e4stinensischen Staat gab es nie.<\/strong><br \/>\nAuf dem heutigen Staatsgebiet Israels leben Juden nachweislich seit mindestens 3.700 Jahren. Selbst nach der Zerst\u00f6rung des Zweiten Tempels und dem Beginn der j\u00fcdischen Diaspora kam das j\u00fcdische Leben in Pal\u00e4stina nicht zum Erliegen. Bis zu den Kreuzz\u00fcgen im 12. Jahrhundert hatten sich gro\u00dfe j\u00fcdische Gemeinden entwickelt, unter anderem in Jerusalem, Tiberias, Rafah, Gaza, Aschkelon, Jaffa und Caesarea. Und auch nachdem tausende Juden den Kreuzfahrern zum Opfer fielen, stieg schon in den beiden Jahrhunderten darauf die Zahl der Juden durch eingewanderte Rabbiner und Pilger wieder an.<\/p>\n<h2><strong>Die Fr\u00fchgeschichte<\/strong><\/h2>\n<p><a href=\"https:\/\/ichthys-consulting.de\/blog\/?p=4830\"><img loading=\"lazy\" decoding=\"async\" src=\"https:\/\/www.ichthys-consulting.de\/foto-wp-70-jahre-israel-teil2-existiert-zu-recht-festung-masada-300x399.jpg\" width=\"300\" height=\"399\" class=\"alignright size-medium\"\/><\/a><strong>Juden gibt es in Israel seit dem 12. Jahrhundert vor Jesus Christus<\/strong><br \/>\nEinzelne Stadtstaaten sind seit dem 3. Jahrtausend vor Christi nachweisbar, damals wurde die Region von \u00c4gypten dominiert. Im 12. Jahrhundert v.Chr. begann die Einwanderung israelitischer St\u00e4mme, der Einfluss \u00c4gyptens schwand. Die \u201e<a href=\"https:\/\/de.wikipedia.org\/wiki\/Zw\u00f6lf_St\u00e4mme_Israels\" target=\"_blank\" rel=\"noopener noreferrer\"><font color=\"#000080\">Zw\u00f6lf St\u00e4mme Israels<\/font><\/a>\u201c schlugen ihre Wurzeln. Die ergiebigste Quelle f\u00fcr die Geschichte dieser Epoche ist die Bibel, deren historische Substanz freilich zweifelhaft ist. Arch\u00e4ologischen Beweis f\u00fcr die ersten K\u00f6nige des \u201e<a href=\"https:\/\/de.wikipedia.org\/wiki\/K\u00f6nigreich_Israel\" target=\"_blank\" rel=\"noopener noreferrer\"><font color=\"#000080\">K\u00f6nigreichs Israel<\/font><\/a>\u201c, Saul, David und Salomo, gibt es keinen, wohl aber f\u00fcr Salomos Sohn Rehabeam. <a href=\"https:\/\/heplev.wordpress.com\/2018\/04\/21\/70-jahre-archaeologie-in-israel-von-qumran-bis-zur-davidstadt\/\" target=\"_blank\" rel=\"noopener noreferrer\"><font color=\"#000080\">Professor Gabriel Barkai von der Bar Ilan Universit\u00e4t meint dazu<\/font><\/a>: \u201e\u201aJeder Mensch hat einen Vater.\u2018 Wenn der Sohn nachgewiesen ist, dann m\u00fcsse auch sein Vater existiert haben. Salomon gilt als der Erbauer des ersten Tempels in Jerusalem, von dem schon zahlreiche Spuren gefunden worden sind. Heute steht an dessen Stelle der Felsendom.\u201c<\/p>\n<p>Von 597 bis 582 v. Chr. wurde Juda dreimal vom neubabylonischen K\u00f6nig Nebukadnezar II. erobert, 587\/86 v. Chr. wurde <a href=\"https:\/\/de.wikipedia.org\/wiki\/Jerusalemer_Tempel\" target=\"_blank\" rel=\"noopener noreferrer\"><font color=\"#000080\">der erste Tempel<\/font><\/a> in Jerusalem zerst\u00f6rt. Die j\u00fcdische Elite wurde nach Mesopotamien deportiert, wo sie <a href=\"https:\/\/www.judentum-projekt.de\/geschichte\/altertum\/babylon\/index.html\" target=\"_blank\" rel=\"noopener noreferrer\"><font color=\"#000080\">bis zu ihrer Befreiung<\/font><\/a> im Jahr 520 v. Chr. lebte. 332 v. Chr. eroberte Alexander der Gro\u00dfe das Gebiet ohne auf nennenswerten Widerstand zu sto\u00dfen. Die Region profitierte von der hellenistischen Herrschaft kulturell und wirtschaftlich.<\/p>\n<p><strong>Der unabh\u00e4ngige j\u00fcdische Staat<\/strong><br \/>\nNach dem <a href=\"https:\/\/de.wikipedia.org\/wiki\/Makkab\u00e4er\" target=\"_blank\" rel=\"noopener noreferrer\"><font color=\"#000080\">Aufstand der Makkab\u00e4er<\/font><\/a> errichteten die Juden f\u00fcr 100 Jahre einen unabh\u00e4ngigen j\u00fcdischen Staat, bis Pompeius 63 v. Chr. das Land f\u00fcr Rom eroberte und dem R\u00f6mischen Reich als Provinz eingliederte, die von j\u00fcdischen K\u00f6nigen regiert wurde. Dreimal k\u00e4mpften die Juden in den ersten beiden Jahrhunderten nach Christi Geburt vergeblich gegen die R\u00f6mische Vorherrschaft um ihre Unabh\u00e4ngigkeit. Der erste <a href=\"https:\/\/de.wikipedia.org\/wiki\/J\u00fcdischer_Krieg\" target=\"_blank\" rel=\"noopener noreferrer\"><font color=\"#000080\">J\u00fcdische Krieg<\/font><\/a> begann 66 n. Chr. in Jud\u00e4a und endete mit der <a href=\"https:\/\/de.wikipedia.org\/wiki\/Eroberung_von_Jerusalem_(70_n._Chr.)\" target=\"_blank\" rel=\"noopener noreferrer\"><font color=\"#000080\">Eroberung von Jerusalem<\/font><\/a> und der Zerst\u00f6rung des Zweiten Tempels im Jahr 70 n. Chr.<\/p>\n<p>Vier Jahre sp\u00e4ter fiel die  <a href=\"https:\/\/de.wikipedia.org\/wiki\/Masada\" target=\"_blank\" rel=\"noopener noreferrer\"><font color=\"#000080\">Festung von Masada<\/font><\/a>. Die 960 M\u00e4nner, Frauen und Kinder beschlossen, ein ruhmvoller Tod sei besser als ein Leben im Elend. Sie bestimmten durch Los 10 M\u00e4nner, die alle Bewohner t\u00f6teten und am Ende sich selbst. Nur zwei Frauen und f\u00fcnf Kinder hatten sich verborgen und konnten berichten, was geschehen war. Bis heute gilt Masada als Symbol des j\u00fcdischen Freiheitswillens. \u201eMasada darf nie wieder fallen\u201c, ist zugleich Schwur und Versprechen, dass Israel nicht mehr untergehen wird.<\/p>\n<h2><strong>R\u00f6mer, Kreuzritter und Mamluken<\/strong><\/h2>\n<p><a href=\"https:\/\/ichthys-consulting.de\/blog\/?p=4830\"><img loading=\"lazy\" decoding=\"async\" src=\"https:\/\/www.ichthys-consulting.de\/foto-wp-70-jahre-israel-teil2-existiert-zu-recht-titusbogen-rom-620x333.jpg\" width=\"620\" height=\"333\" class=\"alignnone size-medium\"\/><\/a><\/p>\n<p><strong>F\u00fcr den Gro\u00dfteil der Juden begann nach der Niederlage gegen die R\u00f6mer die j\u00fcdische Diaspora. Zehntausende Juden wurden entlang der Stra\u00dfen von Jerusalem gekreuzigt.<\/strong><br \/>\nAuch nach dem zweiten Aufstand gegen die R\u00f6mer, dem <a href=\"https:\/\/de.wikipedia.org\/wiki\/Diasporaaufstand\" target=\"_blank\" rel=\"noopener noreferrer\"><font color=\"#000080\">Diaspora-Aufstand<\/font><\/a> um 116, und dem dritten, dem <a href=\"https:\/\/de.wikipedia.org\/wiki\/Bar-Kochba-Aufstand\" target=\"_blank\" rel=\"noopener noreferrer\"><font color=\"#000080\">Bar-Kochba-Aufstand<\/font><\/a> 132-135, wurden tausende Juden von den R\u00f6mern ermordet oder als Sklaven verkauft. \u201e<em>Jud\u00e4a<\/em> wurde von den R\u00f6mern in <em>Syria Palaestina<\/em> <a href=\"https:\/\/de.wikipedia.org\/wiki\/Pal%C3%A4stina_(Region)\" target=\"_blank\" rel=\"noopener noreferrer\"><font color=\"#000080\">umbenannt<\/font><\/a>, um die Erinnerung an Pal\u00e4stina als j\u00fcdisches K\u00f6nigreich und Heimat der Juden auch im Namen der Region zu tilgen.\u00ab<\/p>\n<p>Die R\u00f6mische Herrschaft endete, als Araber im Zuge der <a href=\"https:\/\/de.wikipedia.org\/wiki\/Islamische_Expansion\" target=\"_blank\" rel=\"noopener noreferrer\"><font color=\"#000080\">Islamischen Expansion<\/font><\/a> im Jahr 638 Jerusalem eroberten. 691 errichteten die Muslime auf dem Tempelberg den Felsendom. Seit dieser Zeit waren neben Juden und Christen auch Muslime in der Region pr\u00e4sent. Innerhalb von 100 Jahren konvertierte die Mehrheit der Bev\u00f6lkerung zum Islam.<\/p>\n<p>Mit dem Beginn der Kreuzz\u00fcge am Ende des 11. Jahrhunderts wurden in Pal\u00e4stina vier christliche Kreuzfahrerstaaten errichtet, darunter im Jahr 1099 das <a href=\"https:\/\/de.wikipedia.org\/wiki\/K\u00f6nigreich_Jerusalem\" target=\"_blank\" rel=\"noopener noreferrer\"><font color=\"#000080\">K\u00f6nigreich Jerusalem<\/font><\/a> unter Balduin von Flandern, der den Felsendom in ein christliches Heiligtum umwidmete und in der Al-Aksa-Moschee residierte, bis der sunnitische Sultan Saladin im Jahr 1187 <a href=\"https:\/\/de.wikipedia.org\/wiki\/Belagerung_von_Jerusalem_(1187)\" target=\"_blank\" rel=\"noopener noreferrer\"><font color=\"#000080\">Jerusalem eroberte<\/font><\/a>. In der Folge wurden Kirchen und Tempel mehrheitlich in Moscheen umgewandelt, zu denen Christen und Juden allerdings Zutritt hatten. 1291 verloren die Kreuzritter mit Akkon <a href=\"https:\/\/de.wikipedia.org\/wiki\/Belagerung_von_Akkon_(1291)\" target=\"_blank\" rel=\"noopener noreferrer\"><font color=\"#000080\">ihre letzte Bastion<\/font><\/a> an die <a href=\"https:\/\/de.wikipedia.org\/wiki\/Mamluken\" target=\"_blank\" rel=\"noopener noreferrer\"><font color=\"#000080\">Mamluken<\/font><\/a>, die bis 1517 \u00fcber das Gebiet herrschten.<\/p>\n<h2><strong>Die Osmanische Herrschaft\u2026<\/strong><\/h2>\n<p>Nach dem Sieg der Osmanen \u00fcber die Mamluken im Jahr 1517 wurden \u00c4gypten, Syrien und Pal\u00e4stina f\u00fcr 400 Jahre in das <a href=\"https:\/\/de.wikipedia.org\/wiki\/Osmanisches_Reich\" target=\"_blank\" rel=\"noopener noreferrer\"><font color=\"#000080\">Osmanische Reich<\/font><\/a> eingegliedert. W\u00e4hrend dieser Zeit war Pal\u00e4stina stark unterbev\u00f6lkert. Anfangs des 19. Jahrhunderts lebten knapp 300.000 Menschen in Pal\u00e4stina, davon ungef\u00e4hr 10.000 Juden. Die meisten Araber hatten sich ebenfalls erst seit ein paar Jahrzehnten dort angesiedelt. Pal\u00e4stina bestand zu dieser Zeit vor allem aus erodiertem Bergland, Sandw\u00fcste und malariaverseuchten S\u00fcmpfen. Als Mark Twain 1868 Pal\u00e4stina besuchte, <a href=\"https:\/\/fidelchescosmos.wordpress.com\/2011\/05\/15\/vom-zerfall-des-\" target=\"_blank\" rel=\"noopener noreferrer\"><font color=\"#000080\">schrieb er<\/font><\/a>:<\/p>\n<p><em>\u201ePal\u00e4stina sitzt in Sack und Asche \u2026 diese unterbev\u00f6lkerten W\u00fcsten, diese rosafarbenen Erdh\u00fcgel \u2026 Jericho, das verfluchte, liegt heute als zerfallene Ruine da \u2026 \u00fcber ihm br\u00fctet der Bann eines Fluches, der seine Felder hat verdorren lassen, und seine Tatkraft gefesselt hat. \u2026 Das ber\u00fchmte Jerusalem selbst, der erhabenste Name in der Geschichte, hat all seine Gr\u00f6\u00dfe verloren und ist ein Bettlerdorf geworden; die Reicht\u00fcmer Salomos sind nicht mehr vorhanden, um die Bewunderung zu Besuch weilender orientalischer K\u00f6niginnen zu erregen. Pal\u00e4stina ist verlassen und h\u00e4sslich.\u201c<\/em><\/p>\n<h2><strong>\u2026 und das Aufkommen des Zionismus<\/strong><\/h2>\n<p><a href=\"https:\/\/ichthys-consulting.de\/blog\/?p=4830\"><img loading=\"lazy\" decoding=\"async\" src=\"https:\/\/www.ichthys-consulting.de\/foto-wp-70-jahre-israel-teil2-existiert-zu-recht-rishon-lezion-um-1890-620x260.jpg\" width=\"620\" height=\"260\" class=\"alignnone size-medium\"\/><\/a><\/p>\n<p>Erst mit der Ankunft der ersten j\u00fcdischen Siedler \u00e4nderte sich das sp\u00fcrbar. Baron Edmond de Rothschild engagierte sich f\u00fcr den aufkommenden <a href=\"https:\/\/de.wikipedia.org\/wiki\/Zionismus\" target=\"_blank\" rel=\"noopener noreferrer\"><font color=\"#000080\">Zionismus<\/font><\/a>. Er erwarb Grundst\u00fccke in Pal\u00e4stina und gr\u00fcndete die Stadt <a href=\"https:\/\/de.wikipedia.org\/wiki\/Rischon_LeZion\" target=\"_blank\" rel=\"noopener noreferrer\"><font color=\"#000080\">Rischon LeZion<\/font><\/a>. 1889 \u00fcbergab er 25.000 Hektar pal\u00e4stinensischen Agrarlandes samt deren Ansiedlungen an die <a href=\"https:\/\/de.wikipedia.org\/wiki\/Jewish_Colonization_Association\" target=\"_blank\" rel=\"noopener noreferrer\"><font color=\"#000080\">Jewish Colonization Association<\/font><\/a>.<\/p>\n<p>So konnten nach der Ermordung von Zar Alexander II und den darauffolgenden Pogromen in Russland w\u00e4hrend der ersten <a href=\"https:\/\/de.wikipedia.org\/wiki\/Alija\" target=\"_blank\" rel=\"noopener noreferrer\"><font color=\"#000080\">Alija<\/font><\/a> bis zu 30.000 Juden aus Russland, Rum\u00e4nien und dem Jemen nach Pal\u00e4stina einwandern. Rothschild finanzierte in den folgende Jahren die Gr\u00fcndung von mehr als drei\u00dfig weiteren Kolonien und gilt zurecht als \u201eVater der Kolonisierung Pal\u00e4stinas\u201c.<\/p>\n<p>Die Geschichte des <a href=\"https:\/\/de.wikipedia.org\/wiki\/Zionismus\" target=\"_blank\" rel=\"noopener noreferrer\"><font color=\"#000080\">Zionismus<\/font><\/a> muss an dieser Stelle au\u00dfen vor bleiben, erw\u00e4hnt sei nur, dass die Zionistische Weltorganisation 1901 den J\u00fcdischen Nationalfonds gr\u00fcndete, um erstmals j\u00fcdische Ansiedlungen in Pal\u00e4stina gezielt zu f\u00f6rdern. Jedenfalls wurden die Voraussetzungen geschaffen, dass sich nach weiteren Pogromen in Europa und der gescheiterten Russischen Revolution w\u00e4hrend der zweiten Alija von 1904 bis 1914 weitere 40.000 Einwanderer, haupts\u00e4chlich aus Russland und Polen, ansiedeln konnten. Die Siedler kultivierten die verseuchten S\u00fcmpfe und machten das Land urbar. 1909 wurde mit Tel Aviv die erste moderne j\u00fcdische Stadt gegr\u00fcndet. Die Region \u201ePal\u00e4stina\u201c begann seit Jahrhunderten erstmals wieder aufzubl\u00fchen. Bis 1914 wuchs die j\u00fcdische Bev\u00f6lkerung auf etwa 85.000 Menschen an.<\/p>\n<h2><strong>Fakten gegen Ger\u00fcchte<\/strong><\/h2>\n<p>Schon der kurze Streifzug durch die Geschichte der Region zeigt: Pal\u00e4stina war zu keiner Zeit ein ausschlie\u00dflich arabisches Land. Zu keiner Zeit gab es einen unabh\u00e4ngigen arabischen oder pal\u00e4stinensischen Staat in Pal\u00e4stina. <strong>Juden leben in diesem Landstrich seit nahezu 4000 Jahren<\/strong>, sp\u00e4ter kamen Christen und Muslime dazu. <a href=\"https:\/\/de.wikipedia.org\/wiki\/Israel#Vorgeschichte\" target=\"_blank\" rel=\"noopener noreferrer\"><font color=\"#000080\">Bis zum Ende des Ersten Weltkriegs<\/font><\/a> hatte keine einzige Obrigkeit \u201ef\u00fcr Pal\u00e4stina eine eigene Verwaltung vorgesehen oder das Gebiet als selbstst\u00e4ndige geographische Einheit betrachtet. Auch f\u00fcr die Osmanen war die Region ein Teil Syriens, wohl auf die r\u00f6mische Bezeichnung Syria zur\u00fcckgehend.\u201c <strong>Die j\u00fcdischen Siedler haben niemanden verdr\u00e4ngt oder vertrieben. Sie haben Land gekauft, bestellt und urbar gemacht, haben eine \u00fcber Jahrhunderte lang verrottete Gegend zu einer neuen Bl\u00fcte gef\u00fchrt.<\/strong> 1917 wurde die osmanische Herrschaft \u00fcber Pal\u00e4stina beendet. Und die Vorstellung eines J\u00fcdischen Staates wurde konkret. Aber das ist eine andere Geschichte. (Quelle: mena-watch)<\/p>\n\n\n<p><img loading=\"lazy\" decoding=\"async\" class=\"alignnone size-medium\" src=\"https:\/\/www.rettung-fuer-deutschland.de\/grafik-wp-strich-rot-620x10.gif\" width=\"620\" height=\"10\"\/><br \/>\n<strong>Denn ich will die Gefangenschaft meines Volks Israel wenden, da\u00df sie die verw\u00fcsteten St\u00e4dte wieder aufbauen und bewohnen sollen, da\u00df sie Weinberge pflanzen und Wein davon trinken, G\u00e4rten anlegen und Fr\u00fcchte daraus essen <\/strong>(bedeutet f\u00fcr die heutige Zeit: Reichtum herrscht im Land Israel)<strong>. Denn ich will sie in ihr Land pflanzen, da\u00df sie nicht mehr aus ihrem Land (Israel) ausgerottet werden, das ich ihnen gegeben habe, spricht der HERR, dein Gott. <\/strong>(Bibel, AT, Amos 9,11-15)<\/p>\n\n\n\n<p><strong>Wer Krieg gegen Israel f\u00fchrt, egal in welcher Form, f\u00fchrt Krieg gegen GOTT!<\/strong><br class=\"clear\"\/>\nBibel, AT, Sacharja 2,12: Denn so spricht GOTT, der HERR Zebaoth, der mich gesandt hat, \u00fcber die V\u00f6lker, die euch (ISRAEL) beraubt haben: <em>\u201eWer euch (ISRAEL) antastet, der tastet meinen Augapfel an\u201c<\/em>.<\/p>\n\n\n<p><strong><span style=\"font-family: Arial, Verdana\"><span style=\"font-size:18px\"><span style=\"color:#d63c42\">Ich (GOTT) will segnen, die dich (Israel) segnen, und verfluchen, die dich (Israel) verfluchen; und in dir (Israel) sollen gesegnet werden alle Geschlechter auf Erden (Bibel, AT, 1. Mose 12,3).<\/span><\/span><\/span><\/strong><br \/>\n<img loading=\"lazy\" decoding=\"async\" class=\"alignnone size-medium\" src=\"https:\/\/www.rettung-fuer-deutschland.de\/grafik-wp-strich-rot-620x10.gif\" width=\"620\" height=\"10\"\/><br \/>\n<em>(Presseartikel \u00fcber Israel von Autor Uwe Melzer:)<\/em><br \/>\n<strong><span style=\"color: #d63c42;\">70 Jahre Israel Teil 9<\/span><\/strong> &#8211; <a href=\"https:\/\/ichthys-consulting.de\/blog\/?p=5933\" target=\"_blank\" rel=\"noopener noreferrer\"><span style=\"color: #000080;\">800.000 vergessene j\u00fcdische Fl\u00fcchtlinge, die aus arabischen Gebieten vertrieben wurden!<\/span><\/a><br \/>\n<strong><span style=\"color: #d63c42;\">70 Jahre Israel Teil 8<\/span><\/strong> &#8211; <a href=\"https:\/\/ichthys-consulting.de\/blog\/?p=5886\" target=\"_blank\" rel=\"noopener noreferrer\"><span style=\"color: #000080;\">Israel mit negativer Berichterstattung im deutschen Fernsehen: Ein Beispiel wie das ZDF &amp; MONITOR geschichtliche Fakten verzerren!<\/span><\/a><br \/>\n<strong><span style=\"color: #d63c42;\">70 Jahre Israel Teil 7<\/span><\/strong> &#8211; <a href=\"https:\/\/ichthys-consulting.de\/blog\/?p=5170\" target=\"_blank\" rel=\"noopener noreferrer\"><span style=\"color: #000080;\">Vom britischen \u201eWei\u00dfbuch\u201c zum UN-Teilungsplan und der Staatsgr\u00fcndung Israels<\/span><\/a><br \/>\n<strong><span style=\"color: #d63c42;\">70 Jahre Israel Teil 6<\/span><\/strong> &#8211; <a href=\"https:\/\/ichthys-consulting.de\/blog\/?p=5072\" target=\"_blank\" rel=\"noopener noreferrer\"><span style=\"color: #000080;\">Warum wurde 1948 kein arabischer Staat in Pal\u00e4stina gegr\u00fcndet?<\/span><\/a><br \/>\n<strong><span style=\"color: #d63c42;\">70 Jahre Israel Teil 5<\/span><\/strong> &#8211; <a href=\"https:\/\/ichthys-consulting.de\/blog\/?p=5022\" target=\"_blank\" rel=\"noopener noreferrer\"><span style=\"color: #000080;\">25 Linke und arabische Israel-Mythen entzaubert \u2013 von einem linken Araber aus dem Libanon<\/span><\/a><br \/>\n<strong><span style=\"color: #d63c42;\">70 Jahre Israel Teil 4<\/span><\/strong> &#8211; <a href=\"https:\/\/ichthys-consulting.de\/blog\/?p=4914\" target=\"_blank\" rel=\"noopener noreferrer\"><span style=\"color: #000080;\">Wie der heutige Staat Israel entstanden ist \u2013 Von Pogromen (Judenverfolgungen \/ gewaltt\u00e4tiger Antisemitismus) bis zur Staatsgr\u00fcndung!<\/span><\/a><br \/>\n<strong><span style=\"color: #d63c42;\">70 Jahre Israel Teil 3<\/span><\/strong> &#8211; <a href=\"https:\/\/ichthys-consulting.de\/blog\/?p=4830\" target=\"_blank\" rel=\"noopener noreferrer\"><span style=\"color: #000080;\">Israel existiert zu Recht als Staat und die Juden haben keinen Landraub begangen! Ein Staat Pal\u00e4stina hat nie existiert. Fakten belegen Ger\u00fcchte!<\/span><\/a><br \/>\n<strong><span style=\"color: #d63c42;\">70 Jahre Israel Teil 2<\/span><\/strong> &#8211; <a href=\"https:\/\/ichthys-consulting.de\/blog\/?p=4807\" target=\"_blank\" rel=\"noopener noreferrer\"><span style=\"color: #000080;\">Volkssport Israelkritik Weltgemeinschaft hat nichts dazu gelernt! Antisemitismus unter neuem Deckmantel!<\/span><\/a><br \/>\n<strong><span style=\"color: #d63c42;\">70 Jahre Israel Teil 1<\/span><\/strong> &#8211; <a href=\"https:\/\/ichthys-consulting.de\/blog\/?p=4685\" target=\"_blank\" rel=\"noopener noreferrer\"><span style=\"color: #000080;\">GOTTES Zeichen f\u00fcr die Welt &#8211; 70 Jahre feiert der Staat Israel &#8211; GOTT existiert und die Bibel ist wahr!<\/span><\/a><br \/>\n<img loading=\"lazy\" decoding=\"async\" class=\"alignnone size-medium\" src=\"https:\/\/www.rettung-fuer-deutschland.de\/grafik-wp-strich-rot-620x10.gif\" width=\"620\" height=\"10\"\/><br \/>\n<em>Einige ausgew\u00e4hlte Presseartikel zu Israel von Autor Uwe Melzer:<\/em><br \/>\n<strong>Die israelische Siedlungspolitik im biblischen Jud\u00e4a, Samaria und dem Westjordanland verst\u00f6\u00dft nicht gegen internationales Recht!<\/strong><br \/>\n<a href=\"https:\/\/ichthys-consulting.de\/blog\/?p=3353\" rel=\"noopener noreferrer\" target=\"_blank\"><img loading=\"lazy\" decoding=\"async\" src=\"https:\/\/www.ichthys-consulting.de\/foto-wp-isrelische-siedlung-text-250x190.jpg\" width=\"250\" height=\"190\" class=\"alignright size-medium\"\/><\/a>Israel hat jedes Recht, im biblischen Jud\u00e4a und Samaria, der so genannten Westbank, H\u00e4user zu bauen. Das meint der israelische Unterh\u00e4ndler Alan Baker. \u201eSie sind im Unrecht und schlecht beraten, sowohl im Blick auf die Rechtslage, als auch, was die Fakten betrifft!\u201c So deutlich wurden US-Au\u00dfenminister John Kerry nur selten die Leviten verlesen. Doch Alan Baker sah in seinem Brief an Kerry im November 2013 keinen Grund, ein Blatt vor den Mund zu nehmen. Das Schreiben, das anfangs nur an das amerikanische Au\u00dfenministerium gerichtet war hat an Aktualit\u00e4t nichts eingeb\u00fc\u00dft. Baker, von 2004 bis 2008 Israels Botschafter in Kanada, ist \u00fcberzeugt: Israel ist mit seinem Siedlungsbau im Recht. Auch der Internationale Gerichtshof der Vereinten Nationen in Den Haag, Niederlande stellte fest, dass Israel keine Landbesetzung begangen hat. <strong><a href=\"https:\/\/ichthys-consulting.de\/blog\/?p=3353\" rel=\"noopener noreferrer\" target=\"_blank\"><font color=\"#000080\">&#8230;. vollst\u00e4ndigen Presseartikel lesen bei WordPress<\/font><\/a><\/strong><\/p>\n<p><a href=\"https:\/\/ichthys-consulting.de\/blog\/?p=3720\" rel=\"noopener noreferrer\" target=\"_blank\"><img loading=\"lazy\" decoding=\"async\" src=\"https:\/\/www.ichthys-consulting.de\/foto-wp-israel-ist-das-licht-in-dieser-welt-250x295.jpg\" width=\"250\" height=\"295\" class=\"alignright size-medium\"\/><\/a><strong>Alle von Israel vor den Oslo-Vereinbarungen gebauten Siedlungen sind legitim, einschlie\u00dflich der neuen israelischen Wohngebiete, die in den ausgeweiteten Grenzen Jerusalems geschaffen wurden.<\/strong><br \/>\nSolange die in diesen Vereinbarungen ins Auge gefasste \u201eInterimsperiod\u201c in Kraft bleibt, ist es Israel gestattet innerhalb der urspr\u00fcnglich definierten Vor-Oslo-Grenzen der Siedlungen zu bauen, aber es darf ihren Vor-Oslo-Status nicht ver\u00e4ndern. Die Pal\u00e4stinenser m\u00fcssen als Ausgangsposition in den Endstatusverhandlungen nicht auf die Forderung des kompletten israelischen R\u00fcckzugs auf die Waffenstillstandslinien von 1949 verzichten, aber gleicherma\u00dfen kann Israel die Forderung auf Erhalt nicht nur der Siedlungen beibehalten, sondern auch auf jeden anderen Teil des Mandats Pal\u00e4stina von 1947. <strong><a href=\"https:\/\/ichthys-consulting.de\/blog\/?p=3720\" rel=\"noopener noreferrer\" target=\"_blank\"><font color=\"#000080\">&#8230;. vollst\u00e4ndigen Presseartikel lesen bei WordPress<\/font><\/a><\/strong><\/p>\n<p><a href=\"https:\/\/ichthys-consulting.de\/blog\/?p=4139\" rel=\"noopener noreferrer\" target=\"_blank\"><img loading=\"lazy\" decoding=\"async\" src=\"https:\/\/www.ichthys-consulting.de\/foto-wp-palaestinenser-als-volk-gibt-es-nich-250x187.jpg\" width=\"250\" height=\"187\" class=\"alignright size-medium\"\/><\/a><strong>Pal\u00e4stina gibt es und gab es nie als Volk oder Staat. Wie kam es zu der Erfindung des pal\u00e4stinensischen Volkes? Einige erstaunliche Antworten!<\/strong> Alle Menschen, die zwischen 1923-1948 im britischen Mandat Pal\u00e4stina (dem heutigen Israel) geboren wurden, hatten damals P\u00e4sse mit Stempel &#8222;Pal\u00e4stina&#8220;. Aber als man sie Pal\u00e4stinenser nannte, waren die Araber beleidigt. Sie beklagten sich: &#8222;Wir sind keine Pal\u00e4stinenser, wir sind Araber. Die Pal\u00e4stinenser sind die Juden&#8220;. <strong><a href=\"https:\/\/ichthys-consulting.de\/blog\/?p=4139\" rel=\"noopener noreferrer\" target=\"_blank\"><font color=\"#000080\">&#8230;. vollst\u00e4ndigen Presseartikel lesen bei WordPress<\/font><\/a><\/strong><\/p>\n<p><a href=\"https:\/\/ichthys-consulting.de\/blog\/?p=972\" rel=\"noopener noreferrer\" target=\"_blank\"><img loading=\"lazy\" decoding=\"async\" src=\"https:\/\/www.ichthys-consulting.de\/foto-wp-israel-landkarte-palaestina-brtisches-mandat-text-250x319.jpg\" width=\"250\" height=\"319\" class=\"alignright size-medium\"\/><\/a><strong>Die Grenzen von Israel mit Jerusalem als Hauptstadt und der Status der Juden als Volk aus GOTTES Sicht!<\/strong><br \/>\nChristlich und nach der Bibel und nach Gottes WORT ist nicht Pal\u00e4stina von den Israelis besetzt, sondern die Araber haben israelische Gebiete mit dem West-Jordanland und dem Gazastreifen besetzt, was das Ergebnis von einigen Kriegen seit 1948 ist. In der Bibel, die ca. 6000 Jahre Menschheitsgeschichte umfasst, wurden die Grenzen von Israel durch Gottes Wort in der Bibel eindeutig festgelegt. Diese beinhalten das West-Jordanland und den Gaza-Streifen einschlie\u00dflich der Golanh\u00f6hen und gro\u00dfe Teile des Libanons nach der Bibel im Alten Testament: 4. Mose 34,1-12. Hier hat GOTT die Grenzen des Landes Kanaan (Israel) f\u00fcr die Juden festgelegt. Bibel, AT, Hesekiel 47, 134-20: So spricht Gott der HERR: Dies sind die Grenzen, nach denen ihr das Land den zw\u00f6lf St\u00e4mmen Israels austeilen sollt! Dies ist nun die Grenze des Landes gegen Norden: von dem gro\u00dfen Meer an auf Hetlon zu nach Zedad, Hamat, Berota, Sibrajim, das an Damaskus und Hamat grenzt. Und so soll die Grenze laufen vom Meer an bis nach Hazar-Enan, und Damaskus und Hamat sollen n\u00f6rdlich liegenbleiben. Das sei die Grenze gegen Norden. Aber die Grenze gegen Osten: von Hazar-Enan, das zwischen dem Hauran und Damaskus liegt, der Jordan zwischen Gilead und dem Lande Israel bis hinab ans \u00f6stliche Meer nach Tamar. Das soll die Grenze gegen Osten sein. Aber die Grenze gegen S\u00fcden l\u00e4uft von Tamar bis an das Haderwasser von Kadesch und den Bach \u00c4gyptens hinab bis an das gro\u00dfe Meer. Das soll die Grenze gegen S\u00fcden sein. Und an der Seite gegen Westen ist das gro\u00dfe Meer die Grenze bis gegen\u00fcber Hamat. Das sei die Grenze gegen Westen. <strong><a href=\"https:\/\/ichthys-consulting.de\/blog\/?p=972\" rel=\"noopener noreferrer\" target=\"_blank\"><font color=\"#000080\">&#8230;. vollst\u00e4ndigen Presseartikel lesen bei WordPress<\/font><\/a><\/strong><br \/>\n<img loading=\"lazy\" decoding=\"async\" src=\"https:\/\/www.rettung-fuer-deutschland.de\/grafik-wp-strich-rot-620x10.gif\" width=\"620\" height=\"10\" class=\"alignnone size-medium\"\/><\/p>\n<p><a href=\"https:\/\/www.rettung-fuer-deutschland.de\" rel=\"noopener noreferrer\" target=\"_blank\"><img loading=\"lazy\" decoding=\"async\" src=\"https:\/\/www.rettung-fuer-deutschland.de\/grafik-logo-rfd-35x35.jpg\" width=\"35\" height=\"35\" class=\"alignleft\"\/><\/a><strong><a href=\"https:\/\/www.rettung-fuer-deutschland.de\" title=\"RFD Rettung f\u00fcr Deutschland\" rel=\"noopener noreferrer\" target=\"_blank\"><font color=\"#000080\">RfD Rettung f\u00fcr Deutschland<\/font><\/a><\/strong> &#8211; <a href=\"https:\/\/www.50-erfolgsgrundlagen.de\" rel=\"noopener noreferrer\" target=\"_blank\"><img loading=\"lazy\" decoding=\"async\" src=\"https:\/\/www.50-erfolgsgrundlagen.de\/grafik-wp-buch-titelseite-71x100.jpg\" width=\"71\" height=\"100\" class=\"alignright\"\/><\/a>Mehr von Autor Uwe Melzer lesen Sie im Buch Wirtschaftshandbuch &amp; Ratgeber f\u00fcr den beruflichen Alltag mit dem Titel: <strong><a href=\"https:\/\/www.50-erfolgsgrundlagen.de\" rel=\"noopener noreferrer\" target=\"_blank\"><font color=\"#000080\">50 biblische Erfolgsgrundlagen im Gesch\u00e4ftsleben.<\/font><\/a><\/strong> Dieses Buch\/eBook ist erschienen im <strong><a href=\"https:\/\/www.epubli.de\/shop\/autor\/Uwe-Melzer\/2518\" rel=\"noopener noreferrer\" target=\"_blank\"><font color=\"#000080\">epubli-Verlag unter Buch-ISBN: 978-3-8442-2969-1 und eBook\/ePUB-ISBN: 978-3-8442-0365-3.<\/font><\/a><\/strong><\/p>\n<p><a href=\"https:\/\/www.ichthys-consulting.de\" rel=\"noopener noreferrer\" target=\"_blank\"><img loading=\"lazy\" decoding=\"async\" src=\"https:\/\/www.ichthys-consulting.de\/Grafik-WP-Ichthys-Logo-Fisch-Glaube.jpg\" width=\"212\" height=\"140\" class=\"alignleft\"\/><\/a><strong><a href=\"https:\/\/www.ichthys-consulting.de\" rel=\"noopener noreferrer\" target=\"_blank\"><font color=\"#f50700\">ICHTHYS-CONSULTING<\/font><br \/>\n<font color=\" #464646\">christliche Unternehmensberatung<\/font><\/a><\/strong><br \/>\nE-Mail: <a href=\"mailto:info@ichthys-consulting.de\"><font color=\"#000080\">info@ichthys-consulting.de<\/font><\/a><br \/>\nInternet: <a href=\"https:\/\/www.ichthys-consulting.de\" rel=\"noopener noreferrer\" target=\"_blank\"><font color=\"#000080\">www.ichthys-consulting.de<\/font><\/a><br \/>\n<a class=\"twitter-share-button\" href=\"https:\/\/twitter.com\/share\" data-url=\"https:\/\/ichthys-consulting.de\/blog\/?p=4830\" data-text=\"70 Jahre #Israel Teil 3 - Israel existiert zu #Recht als #Staat und die #Juden haben keinen #Landraub begangen! Ein Staat #Pal\u00e4stina hat nie existiert. #Fakten belegen #Ger\u00fcchte:\" data-lang=\"de\">Twittern<\/a><script>!function(d,s,id){var js,fjs=d.getElementsByTagName(s)[0];if(!d.getElementById(id)){js=d.createElement(s);js.id=id;js.src=\"\/\/platform.twitter.com\/widgets.js\";fjs.parentNode.insertBefore(js,fjs);}}(document,\"script\",\"twitter-wjs\");<\/script> <a href=\"https:\/\/www.xing.com\/spi\/shares\/new?follow_url=https:\/\/www.xing.com\/profile\/Uwe_Melzer2&amp;sc_p=b7910_cb&amp;url=https:\/\/ichthys-consulting.de\/blog\/?p=4830\" target=\"_blank\" rel=\"noopener noreferrer\"><img decoding=\"async\" src=\" https:\/\/www.rettung-fuer-deutschland.de\/grafik-xing-button-60x20.jpg\" alt=\"\" border=\"0\"\/><\/a>  <script src=\"\/\/platform.linkedin.com\/in.js\" type=\"text\/javascript\">lang: de_DE<\/script><script type=\"IN\/Share\" data-url=\"https:\/\/ichthys-consulting.de\/blog\/?p=4830\"><\/script><\/p>\n<div id=\"fb-root\"><\/div>\n<p><script src=\"https:\/\/connect.facebook.net\/de_DE\/all.js#appId=1353372024723791&amp;xfbml=1\"><\/script><fb:like href=\"https:\/\/ichthys-consulting.de\/blog\/?p=4830\" send=\"true\" width=\"450\" show_faces=\"true\" font=\"arial\"><\/fb:like><br \/>\n<!-- \/wp:post-content --><\/p>","protected":false},"excerpt":{"rendered":"<p>Juden in Pal\u00e4stina: Fakten gegen Ger\u00fcchte! Sie h\u00e4tten gar kein Anrecht auf das Land, das sie Israel nennen, hei\u00dft es. Sie seien gekommen und h\u00e4tten Millionen von ihrem Land vertrieben, hei\u00dft es. Das Land, in dem sie leben, habe fr\u00fcher den Pal\u00e4stinensern geh\u00f6rt, hei\u00dft es. Sie h\u00e4tten einen Apartheidstaat errichtet, hei\u00dft es. \u201eDer Antisemitismus ist das Ger\u00fccht \u00fcber die Juden\u201c, hei\u00dft es bei Theodor W. Adorno. Heute ist der Antisemitismus auch das Ger\u00fccht \u00fcber Israel. Pal\u00e4stina war zu keinem Zeitpunkt ein rein arabisches Land, schon immer lebten dort Angeh\u00f6rige verschiedener Volksst\u00e4mme und Religionen. Einen pal\u00e4stinensischen Staat gab es nie. Auf dem heutigen Staatsgebiet Israels leben Juden nachweislich seit mindestens 3.700 Jahren. Selbst nach der Zerst\u00f6rung des Zweiten Tempels und dem Beginn der j\u00fcdischen Diaspora kam das j\u00fcdische Leben in Pal\u00e4stina nicht zum Erliegen. Bis zu den Kreuzz\u00fcgen im 12. Jahrhundert hatten sich gro\u00dfe j\u00fcdische Gemeinden entwickelt, unter anderem in Jerusalem, Tiberias, Rafah, Gaza, Aschkelon, Jaffa und Caesarea. Und auch nachdem tausende Juden den Kreuzfahrern zum Opfer fielen, stieg schon in den beiden Jahrhunderten darauf die Zahl der Juden durch eingewanderte Rabbiner und Pilger wieder an. Die Fr\u00fchgeschichte: Juden gibt es in Israel seit dem 12. Jahrhundert vor Jesus Christus. \u2026 vollst\u00e4ndigen Presseartikel lesen bei WordPress: https:\/\/ichthys-consulting.de\/blog\/?p=4830<\/p>\n","protected":false},"author":24003,"featured_media":0,"comment_status":"open","ping_status":"open","sticky":false,"template":"","format":"standard","meta":{"footnotes":""},"categories":[1,45,4,39,17,3,31,18,30,7,5,8],"tags":[4112,3478,4151,4114,1319,4150,3460,153,220,4152,221,2981,4149,4153,1256,2062,216,4155,2418,3496],"class_list":["post-4830","post","type-post","status-publish","format-standard","hentry","category-allgemein","category-bibel","category-christ","category-evangelium","category-gesellschaft","category-glaube","category-israel","category-kirche","category-politik","category-predigt","category-religion","category-vortrag","tag-4112","tag-antisemitismus","tag-diaspora","tag-existiert","tag-fakten","tag-geruechte","tag-israel","tag-jahre","tag-jerusalem","tag-juda","tag-juden","tag-kreuzzuege","tag-landraub","tag-makkabaeer","tag-palastina","tag-recht","tag-staat","tag-teil-3","tag-tempel","tag-zionismus"],"_links":{"self":[{"href":"https:\/\/ichthys-consulting.de\/blog\/wp-json\/wp\/v2\/posts\/4830","targetHints":{"allow":["GET"]}}],"collection":[{"href":"https:\/\/ichthys-consulting.de\/blog\/wp-json\/wp\/v2\/posts"}],"about":[{"href":"https:\/\/ichthys-consulting.de\/blog\/wp-json\/wp\/v2\/types\/post"}],"author":[{"embeddable":true,"href":"https:\/\/ichthys-consulting.de\/blog\/wp-json\/wp\/v2\/users\/24003"}],"replies":[{"embeddable":true,"href":"https:\/\/ichthys-consulting.de\/blog\/wp-json\/wp\/v2\/comments?post=4830"}],"version-history":[{"count":0,"href":"https:\/\/ichthys-consulting.de\/blog\/wp-json\/wp\/v2\/posts\/4830\/revisions"}],"wp:attachment":[{"href":"https:\/\/ichthys-consulting.de\/blog\/wp-json\/wp\/v2\/media?parent=4830"}],"wp:term":[{"taxonomy":"category","embeddable":true,"href":"https:\/\/ichthys-consulting.de\/blog\/wp-json\/wp\/v2\/categories?post=4830"},{"taxonomy":"post_tag","embeddable":true,"href":"https:\/\/ichthys-consulting.de\/blog\/wp-json\/wp\/v2\/tags?post=4830"}],"curies":[{"name":"wp","href":"https:\/\/api.w.org\/{rel}","templated":true}]}}