{"id":9523,"date":"2024-01-25T19:09:01","date_gmt":"2024-01-25T17:09:01","guid":{"rendered":"https:\/\/ichthys-consulting.de\/blog\/?p=9523"},"modified":"2024-02-11T16:59:01","modified_gmt":"2024-02-11T14:59:01","slug":"hamas-un-luegen-juden-wahrheit-verpflichtet","status":"publish","type":"post","link":"https:\/\/ichthys-consulting.de\/blog\/hamas-un-luegen-juden-wahrheit-verpflichtet\/","title":{"rendered":"Hamas L\u00fcgen &amp; UN L\u00fcgen &amp; Judentum, das der Wahrheit verpflichtet ist!"},"content":{"rendered":"\n<p><a href=\"https:\/\/ichthys-consulting.de\/blog\/hamas-un-luegen-juden-wahrheit-verpflichtet\/\"><img loading=\"lazy\" decoding=\"async\" width=\"620\" height=\"439\" class=\"alignnone size-medium\" src=\"https:\/\/www.ichthys-consulting.de\/foto-wp-hamas-un-luegen-juden-wahrheit-verpflichtet-620x439.jpg\"\/><\/a><br \/><em>(Fotos: Bildmontagen aus Fotoarchiv von ICHTHYS CONSULTING christliche Unternehmensberatung \/ <a href=\"https:\/\/www.50-erfolgsgrundlagen.de\/b50-autor.html\" target=\"_blank\" rel=\"noopener noreferrer\">Buchautor: Uwe Melzer<\/a>)<\/em><\/p>\n\n\n\n<h2 class=\"wp-block-heading\"><strong>Stehen Sie f\u00fcr die Wahrheit oder verewigen Sie L\u00fcgen<\/strong>?<\/h2>\n\n\n\n<p>\u05d5\u05dc\u05d5\u05b9\u05d0 \u05ea\u05d7\u05b0\u0596\u05d3 \u05d0\u05a3\u05e9\u05d8 \u05b5\u05e8\u0591\u05e7\u05b8 \u05d5\u05b0\u05dc\u05b4\u05d0 \u05ea\u05b4\u05bc\u05d5\u05b4\u05d4 \u05b5\u05a3\u05d9\u05d8 \u05e8\u05b4\u0591\u05da \u05d6\u05d3\u059c\u05d4\u05d5 \u05d0\u05b7\u05d1\u05a4\u05d5\u05b5\u05d5 \u05d0\u05de\u05b0\u05ea\u0599 \u05e9\u05b0\u05b0\u05d5 \u05d5\u05b0\u05d7\u05b0\u05e8\u0594\u05d5 \u05d5\u05b0\u0596\u05dc \u05d0\u05b6\u05b7\u05a5\u05e8 \u05dc\u05b0\u05e8\u05bd\u05bd\u05c3<\/p>\n\n\n\n<p><strong>Du sollst die Frau deines N\u00e4chsten nicht begehren. Du sollst dich nicht nach dem Haus deines N\u00e4chsten sehnen, noch nach seinem Feld, noch nach seinem Sklaven oder seiner Sklavin, noch nach seinem Ochsen, noch nach seinem Esel, noch nach irgendetwas, was deinem N\u00e4chsten geh\u00f6rt<\/strong> <em>(<strong><a href=\"https:\/\/ichthys-consulting.de\/blog\/lesen-sie-den-weltweit-erfolgreichsten-buch-bestseller-was-ist-die-bibel\/\" target=\"_blank\" rel=\"noopener\"><span style=\"color:#1403fa\">Bibel<\/span><\/a><\/strong>, AT, 5. Mose, Deuteronomium 5:18).<\/em><\/p>\n\n\n\n<p>v&#8216;-LO takh-MOD AY-shet RE-e-KHA, v&#8216;-LO tit-a-VEH BAYT RE-e-KHA sa-DE-hu v&#8216;-av-DO va-a-MA-to sho -RO va-kha-MO-ro v&#8216;-KOL a-SHER l&#8216;-RE-e-KHA.<\/p>\n\n\n\n<p><strong>Am 24. Oktober 2023 l\u00f6ste eine Erkl\u00e4rung des Generalsekret\u00e4rs der Vereinten Nationen, Antonio Guterres, Wellen der Ungl\u00e4ubigkeit und des Schocks in ganz Israel und seiner weltweiten Unterst\u00fctzergemeinschaft aus. In seinem Kommentar zum m\u00f6rderischen Angriff der Hamas auf unschuldige Israelis am 7. Oktober wies Guterres darauf hin, dass die Angriffe der Hamas eine Reaktion auf die \u201e56 Jahre erdr\u00fcckende Besatzung\u201c der Pal\u00e4stinenser seien.<\/strong><strong><\/strong><\/p>\n\n\n\n<p>Die K\u00fchnheit seiner Worte ist nicht zu untersch\u00e4tzen. Was Guterres im Wesentlichen mitteilte, war, dass Israel irgendwie f\u00fcr die Aktionen der Hamas verantwortlich sei. Die israelische UN-Botschafterin Gila Erdan \u00e4u\u00dferte in den sozialen Medien, dass der Generalsekret\u00e4r <strong><em>\u201ev\u00f6llig von der Realit\u00e4t in unserer Region abgekoppelt\u201c<\/em><\/strong> sei. Laut Erdan zeigte Guterres mit der Aussage, dass <strong><em>\u201edie Angriffe der Hamas nicht im luftleeren Raum stattfanden\u201c<\/em><\/strong>, <strong><em>\u201eVerst\u00e4ndnis f\u00fcr Terrorismus und Mord\u201c<\/em><\/strong>.<\/p>\n\n\n\n<p>Leider beschr\u00e4nkt sich Guterres&#8216; Standpunkt nicht nur auf den Generalsekret\u00e4r. Viele Menschen scheinen von der Realit\u00e4t abgekoppelt und in einem Netz aus Verzerrungen gefangen zu sein. <strong>Sie glauben an die L\u00fcgen der Hamas und anderer Israelhasser und behaupten, dass Israel der Unterdr\u00fccker und die Juden diejenigen seien, die b\u00f6se seien.<\/strong> Ihre Erz\u00e4hlungen verbreiten Irrt\u00fcmer und sie gewinnen Unterst\u00fctzung, indem sie ihre L\u00fcgen verbreiten.<\/p>\n\n\n\n<p><strong>Das Judentum hingegen ist eine Religion, die die Wahrheit sch\u00e4tzt. Gottes Verachtung f\u00fcr Betrug ist eindeutig und er befiehlt uns, uns von der L\u00fcge zu distanzieren<\/strong> (<a href=\"https:\/\/theisraelbible.com\/bible\/exodus-23\/#verse_7\" target=\"_blank\" rel=\"noopener\">Bibel, 2. Mose 23:7<\/a>). Immer wieder fordern uns die Propheten zur Wahrhaftigkeit auf. Sacharjas Vision einer Zeit, in der unsere Fastentage nach der Zerst\u00f6rung des Tempels zu Festtagen werden, endet beispielsweise mit den Worten <strong><em>\u201eIhr aber sollt Ehrlichkeit und Lauterkeit lieben\u201c<\/em><\/strong> (<a href=\"https:\/\/theisraelbible.com\/bible\/zechariah-8\/#verse_19\" target=\"_blank\" rel=\"noopener\">Bibel, AT, Sacharias 8:19<\/a>).<\/p>\n\n\n\n<p><strong>Dar\u00fcber hinaus lehren die Weisen, dass L\u00fcgner zu drei anderen Gruppen von Menschen geh\u00f6ren, die es nicht verdienen, der g\u00f6ttlichen Gegenwart zu begegnen, und dass \u201edas Siegel Gottes die Wahrheit ist\u201c. Wahrhaftig zu sein bedeutet daher, g\u00f6ttlich zu sein.<\/strong><strong><\/strong><\/p>\n\n\n\n<p>Der hebr\u00e4ische Begriff f\u00fcr Juden ist Yehudim, der von Yehuda, dem hebr\u00e4ischen Wort f\u00fcr Juda, abgeleitet ist. Juda war ein Beispiel f\u00fcr die Wahrheit. Als er mit der Episode um Tamar konfrontiert wurde, zeigte er tadellose Integrit\u00e4t und r\u00e4umte sein Fehlverhalten ein. <strong>Der Name des j\u00fcdischen Volkes bedeutet Wahrhaftigkeit. Wahrheit ist unser Wesen.<\/strong> Als Tr\u00e4ger dieses Erbes ist es die Pflicht Israels, die Missverst\u00e4ndnisse und die Dunkelheit zu bek\u00e4mpfen, die die Welt durchdringen.<\/p>\n\n\n\n<p>Der anhaltende Kampf gegen Organisationen wie die Hamas erfordert ein unersch\u00fctterliches Bekenntnis zur Wahrheit. Angesichts von Unwahrheiten m\u00fcssen Israel und seine Unterst\u00fctzer unerm\u00fcdlich an der wahren Erz\u00e4hlung festhalten und sicherstellen, dass die Wahrheit nicht in der Kakophonie widerspr\u00fcchlicher Stimmen untergeht.<\/p>\n\n\n\n<p>Aber es geht nicht nur darum, Unwahrheiten zu bek\u00e4mpfen. Es geht darum, die Welt mit dem Glanz echten Verst\u00e4ndnisses und Wissens zu erleuchten<strong><em>. Juden werden als \u201eLicht f\u00fcr die Nationen\u201c<\/em><\/strong> bezeichnet (Bibel, AT, Jesaja 49:6). <strong>Dies ist kein blo\u00dfer Titel, sondern eine tiefe Verantwortung, die Welt mit Wahrheit und Ehrlichkeit zu erleuchten.<\/strong><strong><\/strong><\/p>\n\n\n\n<p>So wie eine einzige Kerze einen von Dunkelheit erf\u00fcllten Raum erhellen kann, kann der unersch\u00fctterliche Geist des j\u00fcdischen Volkes die Welt inspirieren und auf einen Weg der Klarheit, Gerechtigkeit und Rechtschaffenheit f\u00fchren. Unser Erbe lehrt uns, wie wichtig die Wahrheit ist, und es ist unsere gemeinsame Mission, dieses Licht zu verbreiten und sicherzustellen, dass es den Schleier der Dunkelheit und Falschheit durchdringt, der die Welt durchdringt.<\/p>\n\n\n\n<p>Lasst uns Juden und christliche Verb\u00fcndete, die Israel unterst\u00fctzen, vereinen, um T\u00e4uschung zu bek\u00e4mpfen und f\u00fcr die Wahrheit einzutreten.<\/p>\n\n\n\n<h2 class=\"wp-block-heading\"><strong>Hamas &#8211; Die Bedeutung hinter dem Namen &#8211; Warum hat die Hamas ihren Namen gew\u00e4hlt?<\/strong><\/h2>\n\n\n\n<p>Sie nutzten das positive arabische Wort \u1e25am\u0101s (\u062d\u0645\u0627\u0633), um finanzielle, politische und \u00f6ffentliche Unterst\u00fctzung zu gewinnen. Auf Arabisch bedeutet es Eifer, St\u00e4rke und Tapferkeit. Aber durch einen Schlag der Vorsehung Gottes <strong>bedeutet es auf Hebr\u00e4isch das Gegenteil!<\/strong><\/p>\n\n\n\n<p>Jeden Montag, Donnerstag und Schabbat wird in j\u00fcdischen Synagogen ein Teil der Thora gelesen. Die Tora-Lesungen sind in 54 Parscha unterteilt \u2013 w\u00f6chentliche Abschnitte, die in einem j\u00e4hrlichen Zyklus gelesen werden, beginnend am Feiertag Simchat Tora.<\/p>\n\n\n\n<p>In der Tora-Lesung dieser Woche, Bibel, AT, 1. Mose, Genesis 6:11, sagte Gott Noah, dass er die Welt durch eine Flut zerst\u00f6ren w\u00fcrde. Er gibt diesen Grund an: <strong><em>\u201eDas Ende allen Fleisches ist vor mir gekommen, denn die Erde ist voller Gewalt.\u201c<\/em><\/strong><\/p>\n\n\n\n<h2 class=\"wp-block-heading\"><strong>Das f\u00fcr \u201eGewalt\u201c verwendete Wort ist \u05d7\u05de\u05e1 (Hamas).<\/strong><\/h2>\n\n\n\n<p>Die \u00dcbersetzung lautet einfach \u201eGewalt\u201c, aber <strong>das hebr\u00e4ische Wort hat eine tiefere Bedeutung<\/strong>. In der j\u00fcdischen Tradition <strong>wird es verwendet, um eine brutale Tat sowie Aggression, Unwahrheit und sogar Manipulation zu beschreiben<\/strong>. <em>(Quelle: <a href=\"https:\/\/theisraelbible.com\" target=\"_blank\" rel=\"noopener noreferrer\">THE ISRAEL BIBLE<\/a>)<\/em><\/p>\n\n\n\n<h3 class=\"wp-block-heading\"><strong>Der Islam dagegen gestattet im Koran den Moslems die L\u00fcge und Eide (Vertr\u00e4ge) zu brechen, wenn es Ihnen zum Vorteil gereicht. Auszug aus dem Koran:<\/strong><\/h3>\n\n\n\n<p><strong>L\u00fcge und Eid im Islam<\/strong><br \/>\nDie Legitimation zum L\u00fcgen im Islam, trotz verschiedener Hinweise der Verwerflichkeit, z.B. in den Suren des Qur\u2019an 24:5 bis 24:8 zeigt, dass Mohammed die 10 Gebote (der christlichen Bibel) zwar kannte, aber seine eigene Moral so schlecht war, dass er sie ignorierte, denn er sagte: <strong><em>\u201eL\u00fcgen ist eine S\u00fcnde, au\u00dfer einer L\u00fcge die dem Muslim Nutzen bringt\u201c<\/em><\/strong> [Nahjol Fas\u00e2he, 2192, Majmu\u2019e kalam\u00e2te hazrate rasule akram].<\/p>\n\n\n\n<p>Sahih Bukhari volume 7 book 67 Nr.427<br \/>\n[\u2026] <strong><em>\u201ewenn ich einen Eid geschworen habe und ich finde sp\u00e4ter etwas besseres, so tue ich dieses bessere und breche meinen Eid.\u201c<\/em><\/strong><\/p>\n\n\n\n<p>Sahih Bukhari volume 9 book 89 Nr.260:<br \/>\n<strong><em>\u201eWenn immer ihr einen bestimmten Eid geschworen habt und findet dann heraus, da\u00df eine andere Weichenstellung von Vorteil w\u00e4re, so brechet den Eid und tut das bessere.\u201c<\/em><\/strong><\/p>\n\n\n\n<p><img loading=\"lazy\" decoding=\"async\" class=\"alignnone size-medium\" src=\"https:\/\/www.ichthys-consulting.de\/grafik-wp-strich-rot-620x10.gif\" width=\"620\" height=\"10\"\/><br \/>\n<strong><span style=\"font-size: 16px;\"><span style=\"color: #d63c42;\">Wer Krieg gegen Israel f\u00fchrt, egal in welcher Form, f\u00fchrt Krieg gegen GOTT!<\/span><\/span><\/strong><br \/>\nBibel, AT, Sacharja 2,12: Denn so spricht GOTT, der HERR Zebaoth, der mich gesandt hat, \u00fcber die V\u00f6lker, die euch (ISRAEL) beraubt haben: <strong><em>\u201eWer euch (ISRAEL) antastet, der tastet meinen Augapfel an\u201c<\/em><\/strong>.<br \/>\n<br \/>\n<strong><em><span style=\"font-size: 16px;\"><span style=\"color: #d63c42;\">\u201eIch (GOTT) will segnen, die dich (Israel) segnen, und verfluchen, die dich (Israel) verfluchen; und in dir (Israel) sollen gesegnet werden alle Geschlechter auf Erden\u201c<\/span><\/span><\/em><\/strong> (Bibel, AT, 1. Mose 12,3).<br \/>\n<img loading=\"lazy\" decoding=\"async\" class=\"alignnone size-medium\" src=\"https:\/\/www.rettung-fuer-deutschland.de\/grafik-wp-strich-rot-620x10.gif\" width=\"620\" height=\"10\"\/><\/p>\n\n\n<p><strong>Weitere Presseartikel zum Thema<\/strong><br \/>\n<a title=\"ISRAEL: Hamas, USA, Biden Zwei-Staaten-L\u00f6sung\" href=\"https:\/\/ichthys-consulting.de\/blog\/israel-hamas-usa-bibel-zwei-staaten-loesung\/\" target=\"_blank\" rel=\"noopener noreferrer\"><span style=\"color: #000080;\">ISRAEL: Hamas, USA, Tal Josaphat in der Bibel und Bidens Zwei-Staaten-L\u00f6sung!<\/span><\/a><br \/>\n<a title=\"Israel und die falsche Anklage\" href=\"https:\/\/ichthys-consulting.de\/blog\/israel-falsche-anklage-un-gerichtshof\/\" target=\"_blank\" rel=\"noopener noreferrer\"><span style=\"color: #000080;\">Israel und die falsche Anklage vor dem internationalen Gerichtshof der Vereinten Nationen in Den Haag!<\/span><\/a><br \/>\n<a title=\"Israel &#038; Hamas: Gef\u00e4hrliche UN-Aussagen\" href=\"https:\/\/rettung-fuer-deutschland.de\/blog\/israel-hamas-gefaehrliche-un-aussagen\/\" target=\"_blank\" rel=\"noopener noreferrer\"><span style=\"color: #000080;\">Israel &#038; Hamas: Gef\u00e4hrliche UN-Aussagen \u2013 Warum der UN-Generalsekret\u00e4r unrecht hat \u2013 Gottes Strafgericht!<\/span><\/a><br \/>\n<a title=\"Es gab noch nie in der Geschichte einen Staat Pal\u00e4stina\" href=\"https:\/\/ichthys-consulting.de\/blog\/die-geschichte-kennt-keinen-staat-palaestina\/\" target=\"_blank\" rel=\"noopener noreferrer\"><span style=\"color: #000080;\">Es gab noch nie in der Geschichte einen Staat Pal\u00e4stina oder ein Volk der Pal\u00e4stinenser. Eine Erfindung &#038; L\u00fcge seit 1968!<\/span><\/a><br \/>\n<a title=\"Warum erkennt Israel die Pal\u00e4stinenser nichts als Volk an\" href=\"https:\/\/rettung-fuer-deutschland.de\/blog\/warum-erkennt-israel-palaestinenser-nichts-als-volk-an\/\" target=\"_blank\" rel=\"noopener noreferrer\"><span style=\"color: #000080;\">Warum erkennt Israel die Pal\u00e4stinenser nichts als Volk an? Weil Sie auch v\u00f6lkerrechtlich gesehen kein eigenes Volk sind, sondern einfach Araber aus anderen Staaten!<\/span><\/a><br \/>\n<a title=\"Die Verbrechen der Hamas gegen Israel\" href=\"https:\/\/rettung-fuer-deutschland.de\/blog\/verbrechen-der-hamas-gegen-israel\/\" target=\"_blank\" rel=\"noopener noreferrer\"><span style=\"color: #000080;\">Die Verbrechen der Hamas gegen Israel \u2013 Was ist tats\u00e4chlich passiert \u2013 Hamas-Propaganda: falsche Gaza-Todeszahlen in Medien<\/span><\/a><br \/>\n<a title=\"Hamas Terror gegen Israel\" href=\"https:\/\/rettung-fuer-deutschland.de\/blog\/israel-islamischer-terror-hamas-israel-umkehr-schuldfrage\/\" target=\"_blank\" rel=\"noopener noreferrer\"><span style=\"color: #000080;\">Israel: der islamischer Terror der Hamas gegen Israel und die Umkehr der Schuldfrage!<\/span><\/a><br \/>\n<a title=\"Islam und Christentum\" href=\"https:\/\/ichthys-consulting.de\/blog\/?p=1677\" target=\"_blank\" rel=\"noopener noreferrer\"><span style=\"color: #000080;\">Islam und Christentum \u2013 Was ist die Motivation der islamischen Fundamentalisten?<\/span><\/a><br \/>\n<a title=\"Gleiche Rechte f\u00fcr Christen, Juden und Moslems. Ist der Islam tats\u00e4chlich friedlich?\" href=\"https:\/\/ichthys-consulting.de\/blog\/?p=1532\" target=\"_blank\" rel=\"noopener noreferrer\"><span style=\"color: #000080;\">Gleiche Rechte f\u00fcr Christen, Juden und Moslems. Ist der Islam tats\u00e4chlich friedlich?<\/span><\/a><br \/>\n<a title=\"Die humane Kriegsf\u00fchrung von Israel gegen die islamische Hamas im Gazastreifen\" href=\"https:\/\/ichthys-consulting.de\/blog\/?p=2485\" target=\"_blank\" rel=\"noopener noreferrer\"><span style=\"color: #000080;\">Die humane Kriegsf\u00fchrung von Israel mit v\u00f6llig unnat\u00fcrlichen Handlungen einer Armee<\/span><\/a><br \/>\n<a title=\"Israel ist Opfer des Islam und nicht T\u00e4ter\" href=\"https:\/\/ichthys-consulting.de\/blog\/israel-ist-opfer-und-nicht-taeter\/\" target=\"_blank\" rel=\"noopener noreferrer\"><span style=\"color: #000080;\">Israel ist Opfer des Islam und nicht T\u00e4ter<\/span><\/a><br \/><a title=\"Krieg zwischen Israel und islamischer Hamas\" href=\"https:\/\/ichthys-consulting.de\/blog\/?p=2453\" target=\"_blank\" rel=\"noopener noreferrer\"><span style=\"color: #000080;\">Krieg zwischen der islamischen Hamas und Israel. Die Pal\u00e4stinenser als Bewohner des Gazastreifens sind nicht unschuldige Opfer.<\/span><\/a><br \/>\n<a title=\"Die Wahrheit \u00fcber die Entstehung von Israel\" href=\"https:\/\/ichthys-consulting.de\/blog\/?p=2248\" target=\"_blank\" rel=\"noopener noreferrer\"><span style=\"color: #000080;\">Die Wahrheit \u00fcber die Entstehung von Israel und die Fl\u00fcchtlingslager der Pal\u00e4stinenser<\/span><\/a><br \/>\n<a title=\"Die Grenzen Israels nach GOTTES Wort\" href=\"https:\/\/ichthys-consulting.de\/blog\/?p=972\" target=\"_blank\" rel=\"noopener noreferrer\"><span style=\"color: #000080;\">Die Grenzen von Israel mit Jerusalem als Hauptstadt und der Status der Juden als Volk aus GOTTES Sicht!<\/span><\/a><br \/>\n<a title=\"Weshalb es keinen Frieden mit Israel, den Arabern und Islamisten gibt!\" href=\"https:\/\/ichthys-consulting.de\/blog\/?p=13\" target=\"_blank\" rel=\"noopener noreferrer\"><span style=\"color: #000080;\">Weshalb es keinen Frieden mit Israel, den Arabern und Islamisten gibt!<\/span><\/a><\/p>\n<p><img loading=\"lazy\" decoding=\"async\" class=\"alignnone size-medium\" src=\"https:\/\/www.rettung-fuer-deutschland.de\/grafik-wp-strich-rot-620x10.gif\" width=\"620\" height=\"10\" \/><\/p>\n\n\n<p><a href=\"https:\/\/www.rettung-fuer-deutschland.de\" target=\"_blank\" rel=\"noopener noreferrer\"><img loading=\"lazy\" decoding=\"async\" class=\"alignleft\" src=\"https:\/\/www.ichthys-consulting.de\/grafik-logo-rfd-60x60.jpg\" width=\"60\" height=\"60\"\/><\/a><a href=\"https:\/\/www.50-erfolgsgrundlagen.de\" target=\"_blank\" rel=\"noopener noreferrer\"><img loading=\"lazy\" decoding=\"async\" class=\"alignright\" src=\"https:\/\/www.50-erfolgsgrundlagen.de\/grafik-wp-buch-titelseite-71x100.jpg\" width=\"71\" height=\"100\"\/><\/a><strong><a title=\"RFD Rettung f\u00fcr Deutschland\" href=\"https:\/\/www.rettung-fuer-deutschland.de\" target=\"_blank\" rel=\"noopener noreferrer\"><span style=\"color: #000080;\">RfD Rettung f\u00fcr Deutschland<\/span><\/a><\/strong> &#8211; Mehr von Autor Uwe Melzer lesen Sie in diesen Presseblogs bei WordPress: <strong><a href=\"https:\/\/wissen-agentur.de\/blog\/\" target=\"_blank\" rel=\"noopener noreferrer\"><span style=\"color: #000080;\">Blog Wirtschaft<\/span><\/a> &#8211; <a href=\"https:\/\/rettung-fuer-deutschland.de\/blog\/\" target=\"_blank\" rel=\"noopener noreferrer\"><span style=\"color: #000080;\">Blog Politik<\/span><\/a> &#8211; <a href=\"https:\/\/50-erfolgsgrundlagen.de\/blog\/\" target=\"_blank\" rel=\"noopener noreferrer\"><span style=\"color: #000080;\">Blog Erfolgsgrundlagen<\/span><\/a> &#8211; <a href=\"https:\/\/ichthys-consulting.de\/blog\/\" target=\"_blank\" rel=\"noopener noreferrer\"><span style=\"color: #000080;\">Blog christliche Unternehmensberatung<\/span><\/a> &#8211; <a href=\"https:\/\/oeko-architektenhaus.de\/blog\/\" target=\"_blank\" rel=\"noopener noreferrer\"><span style=\"color: #000080;\">Blog \u00f6kologischer Hausbau<\/span><\/a> &#8211; <a href=\"https:\/\/www.50-erfolgsgrundlagen.de\" target=\"_blank\" rel=\"noopener noreferrer\"><span style=\"color: #000080;\">Buch eBook ePUB 50 Erfolgsgrundlagen<\/span><\/a><\/strong><\/p>\n\n\n<div class=\"wp-block-image\">\n<figure class=\"alignleft\"><a href=\"https:\/\/www.ichthys-consulting.de\" target=\"_blank\" rel=\"noopener noreferrer\"><img decoding=\"async\" src=\"https:\/\/www.ichthys-consulting.de\/grafik-wp-ichthys-logo-fisch-glaube-212x140.jpg\" alt=\"\"\/><\/a><\/figure>\n<\/div>\n\n<p><strong><a href=\"https:\/\/www.ichthys-consulting.de\" target=\"_blank\" rel=\"noopener noreferrer\"><span style=\"color: #f50700;\">ICHTHYS-CONSULTING<\/span><br \/><span style=\"color: #464646;\">christliche Unternehmensberatung<\/span><\/a><\/strong><br \/>\nE-Mail: <a href=\"mailto:info@ichthys-consulting.de\"><span style=\"color: #000080;\">info@ichthys-consulting.de<\/span><\/a><br \/>\nInternet: <a href=\"https:\/\/www.ichthys-consulting.de\" target=\"_blank\" rel=\"noopener noreferrer\"><span style=\"color: #000080;\">www.ichthys-consulting.de<\/span><\/a><br \/>\n<a class=\"twitter-share-button\" href=\"https:\/\/twitter.com\/share\" data-url=\"https:\/\/ichthys-consulting.de\/blog\/hamas-un-luegen-juden-wahrheit-verpflichtet\/\" data-text=\"#Hamas #L\u00fcgen &#038; #UN L\u00fcgen &#038; #Judentum, das der #Wahrheit verpflichtet ist:\" data-lang=\"de\">Twittern<\/a> <a href=\"https:\/\/www.xing.com\/spi\/shares\/new?follow_url=https:\/\/www.xing.com\/profile\/Uwe_Melzer2&amp;sc_p=b7910_cb&amp;url=https:\/\/ichthys-consulting.de\/blog\/hamas-un-luegen-juden-wahrheit-verpflichtet\/\" target=\"_blank\" rel=\"noopener noreferrer\"><img decoding=\"async\" src=\"https:\/\/www.rettung-fuer-deutschland.de\/grafik-xing-button-60x20.jpg\" alt=\"\" border=\"0\"\/><\/a> <script src=\"\/\/platform.linkedin.com\/in.js\" type=\"text\/javascript\">lang: de_DE<\/script><script type=\"IN\/Share\" data-url=\"https:\/\/ichthys-consulting.de\/blog\/hamas-un-luegen-juden-wahrheit-verpflichtet\/\"><\/script><\/p>\n<div class=\"fb-like\" data-href=\"https:\/\/ichthys-consulting.de\/blog\/hamas-un-luegen-juden-wahrheit-verpflichtet\/\" data-width=\"200\" data-layout=\"\" data-action=\"\" data-size=\"\" data-share=\"true\"><\/div>","protected":false},"excerpt":{"rendered":"<p>Stehen Sie f\u00fcr die Wahrheit oder verewigen Sie L\u00fcgen? Du sollst die Frau deines N\u00e4chsten nicht begehren. Du sollst dich nicht nach dem Haus deines N\u00e4chsten sehnen, noch nach seinem Feld, noch nach seinem Sklaven oder seiner Sklavin, noch nach seinem Ochsen, noch nach seinem Esel, noch nach irgendetwas, was deinem N\u00e4chsten geh\u00f6rt (Bibel, AT, 5. Mose, 5:18). Am 24. Oktober 2023 l\u00f6ste eine Erkl\u00e4rung des Generalsekret\u00e4rs der Vereinten Nationen, Antonio Guterres, Wellen der Ungl\u00e4ubigkeit und des Schocks in ganz Israel und seiner weltweiten Unterst\u00fctzergemeinschaft aus. In seinem Kommentar zum m\u00f6rderischen Angriff der Hamas auf unschuldige Israelis am 7. Oktober wies Guterres darauf hin, dass die Angriffe der Hamas eine Reaktion auf die \u201e56 Jahre erdr\u00fcckende Besatzung\u201c der Pal\u00e4stinenser seien. Die K\u00fchnheit seiner Worte ist nicht zu untersch\u00e4tzen. Was Guterres im Wesentlichen mitteilte, war, dass Israel irgendwie f\u00fcr die Aktionen der Hamas verantwortlich sei. Die israelische UN-Botschafterin Gila Erdan \u00e4u\u00dferte in den sozialen Medien, dass der Generalsekret\u00e4r \u201ev\u00f6llig von der Realit\u00e4t in unserer Region abgekoppelt\u201c sei. Laut Erdan zeigte Guterres mit der Aussage, dass \u201edie Angriffe der Hamas nicht im luftleeren Raum stattfanden\u201c, \u201eVerst\u00e4ndnis f\u00fcr Terrorismus und Mord\u201c. \u2026 vollst\u00e4ndigen Presseartikel lesen bei WordPress: https:\/\/ichthys-consulting.de\/blog\/hamas-un-luegen-juden-wahrheit-verpflichtet\/<\/p>\n","protected":false},"author":24003,"featured_media":0,"comment_status":"open","ping_status":"open","sticky":false,"template":"","format":"standard","meta":{"footnotes":""},"categories":[1,45,39,4866,17,3,3096,31,4683,30],"tags":[3465,1481,4171,4944,4943,1924,523,3460,221,1611,518,3732,2521,1388,4942,3385,4569,2813,1864,363],"class_list":["post-9523","post","type-post","status-publish","format-standard","hentry","category-allgemein","category-bibel","category-evangelium","category-geschichte","category-gesellschaft","category-glaube","category-islam","category-israel","category-krieg","category-politik","tag-bibel","tag-eid","tag-erklaerung","tag-generalsekretaer","tag-guterres","tag-hamas","tag-islam","tag-israel","tag-juden","tag-judentum","tag-koran","tag-luegen","tag-mord","tag-nationen","tag-schock","tag-terrorismus","tag-tora","tag-un","tag-vereinten","tag-wahrheit"],"_links":{"self":[{"href":"https:\/\/ichthys-consulting.de\/blog\/wp-json\/wp\/v2\/posts\/9523","targetHints":{"allow":["GET"]}}],"collection":[{"href":"https:\/\/ichthys-consulting.de\/blog\/wp-json\/wp\/v2\/posts"}],"about":[{"href":"https:\/\/ichthys-consulting.de\/blog\/wp-json\/wp\/v2\/types\/post"}],"author":[{"embeddable":true,"href":"https:\/\/ichthys-consulting.de\/blog\/wp-json\/wp\/v2\/users\/24003"}],"replies":[{"embeddable":true,"href":"https:\/\/ichthys-consulting.de\/blog\/wp-json\/wp\/v2\/comments?post=9523"}],"version-history":[{"count":0,"href":"https:\/\/ichthys-consulting.de\/blog\/wp-json\/wp\/v2\/posts\/9523\/revisions"}],"wp:attachment":[{"href":"https:\/\/ichthys-consulting.de\/blog\/wp-json\/wp\/v2\/media?parent=9523"}],"wp:term":[{"taxonomy":"category","embeddable":true,"href":"https:\/\/ichthys-consulting.de\/blog\/wp-json\/wp\/v2\/categories?post=9523"},{"taxonomy":"post_tag","embeddable":true,"href":"https:\/\/ichthys-consulting.de\/blog\/wp-json\/wp\/v2\/tags?post=9523"}],"curies":[{"name":"wp","href":"https:\/\/api.w.org\/{rel}","templated":true}]}}